{"id":9767,"date":"2025-05-07T13:30:02","date_gmt":"2025-05-07T13:30:02","guid":{"rendered":"https:\/\/usvl.sav.sk\/wp\/?p=9767&#038;lang=en"},"modified":"2025-05-20T13:14:33","modified_gmt":"2025-05-20T13:14:33","slug":"international-conference-small-literatures-as-world-literature","status":"publish","type":"post","link":"https:\/\/usvl.sav.sk\/wp\/?p=9740","title":{"rendered":"International Conference Small Literatures as World Literature"},"content":{"rendered":"<figure id=\"attachment_9743\" aria-describedby=\"caption-attachment-9743\" style=\"width: 300px\" class=\"wp-caption alignleft\"><a href=\"https:\/\/usvl.sav.sk\/wp\/?attachment_id=9743\" rel=\"attachment wp-att-9743\"><img loading=\"lazy\" decoding=\"async\" class=\"wp-image-9743 size-medium\" src=\"https:\/\/usvl.sav.sk\/wp\/wp-content\/uploads\/flat-design-cartoon-world-book-day-illustration-open-book-with-stories-coming-out-pages-ai-generated_59529-2165-300x300.jpg\" alt=\"\" width=\"300\" height=\"300\" srcset=\"https:\/\/usvl.sav.sk\/wp\/wp-content\/uploads\/flat-design-cartoon-world-book-day-illustration-open-book-with-stories-coming-out-pages-ai-generated_59529-2165-300x300.jpg 300w, https:\/\/usvl.sav.sk\/wp\/wp-content\/uploads\/flat-design-cartoon-world-book-day-illustration-open-book-with-stories-coming-out-pages-ai-generated_59529-2165-150x150.jpg 150w, https:\/\/usvl.sav.sk\/wp\/wp-content\/uploads\/flat-design-cartoon-world-book-day-illustration-open-book-with-stories-coming-out-pages-ai-generated_59529-2165.jpg 360w\" sizes=\"auto, (max-width: 300px) 100vw, 300px\" \/><\/a><figcaption id=\"caption-attachment-9743\" class=\"wp-caption-text\">Photo: This image was created by freepik.com AI image generator.<\/figcaption><\/figure>\n<p><strong>28 \u2013 30 May (Wednesday \u2013 Friday) 2025<\/strong><br \/>\nInstitute of World Literature SAS\u00a0+ online, in Slovak and English<\/p>\n<p><strong>Zoom Meeting<\/strong><br \/>\n<strong>International Conference Small Literatures as World Literature (May 28)<\/strong><br \/>\n<a href=\"https:\/\/us06web.zoom.us\/j\/89541726597?pwd=VO7XOwHg8JZiO24JOwaC7prnobduxH.1\">https:\/\/us06web.zoom.us\/j\/89541726597?pwd=VO7XOwHg8JZiO24JOwaC7prnobduxH.1<\/a><br \/>\nMeeting ID: 895 4172 6597<br \/>\nPasscode: 040644<\/p>\n<p>&nbsp;<\/p>\n<p>&nbsp;<\/p>\n<p>&nbsp;<\/p>\n<p><strong>International Conference Small Literatures as World Literature (May 29)<\/strong><br \/>\n<a href=\"https:\/\/us06web.zoom.us\/j\/83177360485?pwd=HuWanlIYTiVA0V62v2aODDb36jzuJ3.1\">https:\/\/us06web.zoom.us\/j\/83177360485?pwd=HuWanlIYTiVA0V62v2aODDb36jzuJ3.1<\/a><br \/>\nMeeting ID: 831 7736 0485<br \/>\nPasscode: 774980<\/p>\n<p><strong>International Conference Small Literatures as World Literature (May 30)<\/strong><br \/>\n<a href=\"https:\/\/us06web.zoom.us\/j\/84535880133?pwd=TorC31AaIg0XiOaXne4DP05h9sO6WH.1\">https:\/\/us06web.zoom.us\/j\/84535880133?pwd=TorC31AaIg0XiOaXne4DP05h9sO6WH.1<\/a><br \/>\nMeeting ID: 845 3588 0133<br \/>\nPasscode: 261202<\/p>\n<p>The conference is organized by the Institute of World Literature of the Slovak Academy of Sciences as part of the grant project VEGA 2\/0127\/23 <em>Slovak literature in inter-literary and transcultural contexts<\/em>.<\/p>\n<p>How can we think about small literatures in the context of world literature? Both terms \u2013 \u201csmall literature\u201d and \u201cworld literature\u201d \u2013 are neither self-evident nor agreed upon and already open up a myriad of questions. The conference intends to create space for a productive discussion and polemics about these questions that could open up new ways of thinking about literatures from Central Europe. We are interested in how these literatures communicate with other literatures and create interliterary communities, how they circulate in translation or adapt to the world literary system, how they see their own identity, which literary centres they look to for inspiration or consecration, or whether the term \u201cnational literature\u201d is still a useful category. By asking these questions, we want to open up the larger discussion about the relationship between \u201csmall literature\u201d and \u201cworld literature\u201d, the local and the global, centre and periphery and the national and the postnational.<!--more--><\/p>\n<p><strong>CONFERENCE PROGRAMME<\/strong><\/p>\n<p><strong>WEDNESDAY, May 28 <\/strong><\/p>\n<p><strong>14.00 \u2013 15.15<\/strong>\u00a0<strong>Book presentation and discussion (SK)<\/strong><br \/>\n<strong>Discussant: Ivona Koll\u00e1rov\u00e1 (Central Library, SAS)<br \/>\nDobrota Pucherov\u00e1 (Institute of World Literature SAS), Erika Brt\u00e1\u0148ov\u00e1 (Institute of Slovak Literature SAS), Anik\u00f3 Du\u0161\u00edkov\u00e1 (Faculty of Arts, Comenius University), David Short<br \/>\n<\/strong>Jozef Ign\u00e1c Bajza,<em> Ren\u00e9, or: A Young Man\u2019s Adventures and Experiences<\/em>. An edition with commentary of the first Slovak novel. Translated by David Short. Edited by Dobrota Pucherov\u00e1 and Erika Brt\u00e1\u0148ov\u00e1. Oxford University Studies in the Enlightenment. Liverpool University Press, 2025.<\/p>\n<p><strong>15.15 \u2013 15.30<\/strong>\u00a0<strong>Coffee break <\/strong><\/p>\n<p><strong>15.30 \u2013 17.00 Panel 1<\/strong><br \/>\n<strong>Moderator: Marianna Deganutti (Institute of World Literature SAS)<br \/>\n<\/strong><\/p>\n<p><strong>Szilvia Szarka (University of Miskolc):<\/strong><br \/>\nDynamic Cultural Memory: A Comparative Study of the Translations of P\u00e9ter Esterh\u00e1zy\u2019s Harmonia C\u00e6lestis in Divergent Cultural Contexts (ENG)<br \/>\n<strong>Magdalena Garbacik-Balakowicz (Institute for Literary Studies, Research Centre for the Humanities, Hungarian Academy of Sciences Centre of Excellence):<\/strong><br \/>\n\u201cBetween local and global: possibilities and limitations of a mesoregional perspective in comparative literary studies\u201d (ENG)<br \/>\n<strong>Botond Szemes (Institute for Literary Studies, Research Centre for the Humanities, Hungarian Academy of Sciences Centre of Excellence):<\/strong><br \/>\n\u201cDigital Literary Memory of the Visegrad region. Wikipedia, Wikidata \u2013 new aspects for regional literary history\u201d (ENG)<\/p>\n<p><strong>THURSDAY, May 29<\/strong><\/p>\n<p><strong>09:00 Coffee, tea, snacks<\/strong><\/p>\n<p><strong>09:15 Introductory remarks <\/strong><\/p>\n<p><strong>09:30 \u2013 11:30<\/strong> <strong>Book presentation and discussion (ENG)<br \/>\nModerator: Dobrota Pucherov\u00e1 (Institute of World Literature SAS)<br \/>\nZolt\u00e1n Varga and P\u00e9ter Hajdu (Institute for Literary Studies, Research Centre for the Humanities, Hungarian Academy of Sciences Centre of Excellence)<br \/>\n<\/strong><em>Hungarian Literature as World Literature<\/em>.\u00a0Edited by Zolt\u00e1n Varga and P\u00e9ter Hajdu. London and New York: Bloomsbury, 2025.<\/p>\n<p><strong>11:30 \u2013 11:45 Coffee break<\/strong><\/p>\n<p><strong>11:45 \u2013 13:00 Panel 2<\/strong><br \/>\n<strong>Moderator: Miloslav Vojtech (Faculty of Arts, Comenius University)<\/strong><\/p>\n<p><strong>Anik\u00f3 Du\u0161\u00edkov\u00e1 (Faculty of Arts, Comenius University):<\/strong> \u201cElective Affinities: Recepcia rom\u00e1nu Don Quijote v slovenskej literat\u00fare\u201d (SK)<br \/>\n<strong>Marta F\u00fclopov\u00e1 (Faculty of Arts, Comenius University):<\/strong> \u201c\u013dudov\u00edt \u0160t\u00far a jeho idea svetovej literat\u00fary\u201d<br \/>\n(SK)<\/p>\n<p><strong>13:00 \u2013 14:00 Lunch<br \/>\n<\/strong><br \/>\n<strong>14:00 \u2013 16:00 Panel 3<\/strong><br \/>\n<strong>Moderator: Marta F\u00fclopov\u00e1 (Faculty of Arts, Comenius University)<\/strong><\/p>\n<p><strong>Irena Bilinsk\u00e1 (Warsaw University):<\/strong> \u201cSamo Chalupka a Andrej Sl\u00e1dkovi\u010d v kontexte transkult\u00farnych kontaktov s eur\u00f3pskou liter\u00e1rnou trad\u00edciou\u201c (SK)<br \/>\n<strong>James Partridge (Charles University):<\/strong> \u201cJanko Kr\u00e1\u013e and J\u00e1n Botto: Slovak romanticism as world literature\u201d (ENG)<br \/>\n<strong>John Minahane:<\/strong> \u201cP. O. Hviezdoslav as world author\u201d (ENG)<br \/>\n<strong>Miloslav Vojtech (Faculty of Arts, Comenius University):<\/strong> \u201cJ\u00e1n Holl\u00fd, J\u00e1n Koll\u00e1r a Pavol Orsz\u00e1gh Hviezdoslav v kontexte eur\u00f3pskej literat\u00fary\u201c (SK)<\/p>\n<p><strong>18:00 Evening programme<\/strong><\/p>\n<p><strong>FRIDAY, May 30<\/strong><\/p>\n<p><strong>09:30 Coffee, tea, snacks<\/strong><\/p>\n<p><strong>10:00 \u2013 12:00 Panel 4<\/strong><br \/>\n<strong>Moderator: Peter Darovec (Faculty of Arts, Comenius University)<\/strong><\/p>\n<p><strong>Anna Kobylinska (Warsaw University):<\/strong> \u201cSlovak railway story: Z\u00e1borsk\u00fd, Ban\u0161ell, Timrava\u201c (SK)<br \/>\n<strong>Dana Hu\u010dkov\u00e1 (Institute of Slovak Literature SAS):<\/strong> \u201eKonexie umeleckej sebaidentifik\u00e1cie slovensk\u00fdch autoriek z prelomu 19. a 20. storo\u010dia s transkult\u00farnym modelom \u017eenskej liter\u00e1rnej emancip\u00e1cie\u201c (SK)<br \/>\n<strong>Dagmar Kro\u010danov\u00e1 (Faculty of Arts, Comenius University):<\/strong> \u201eDve tv\u00e1re modernity: Gejza V\u00e1mo\u0161\u201c (SK)<\/p>\n<p><strong>12:00 \u2013 13:00 Lunch<\/strong><\/p>\n<p><strong>13:00 \u2013 14:30 Panel 5<\/strong><br \/>\n<strong>Moderator: Anik\u00f3 Du\u0161\u00edkov\u00e1 (Faculty of Arts, Comenius University)<\/strong><\/p>\n<p><strong>Peter Darovec (Faculty of Arts, Comenius University):<\/strong> \u201eIronick\u00e1 subverzia cestovania medzi dom\u00e1cim a cudz\u00edm: Pavel Vilikovsk\u00fd a Peter Pi\u0161\u0165anek \u2013 autori kritickej n\u00e1rodnej sebareflexie na prelome 20. a 21. storo\u010dia\u201c (SK)<br \/>\n<strong>Mary Orsak (University of Oxford):<\/strong> \u201cSlovak feminist literature as world literature: Irena Bre\u017en\u00e1, Etela Farka\u0161ov\u00e1, and Jana Jur\u00e1\u0148ov\u00e1\u201d (ENG)<br \/>\n<strong>Dobrota Pucherov\u00e1 (Institute of World Literature SAS):<\/strong> \u201cSlovensk\u00e9 holokaustov\u00e9 memo\u00e1re ako svetov\u00e1 literat\u00fara\u201d (SK)<\/p>\n<p><strong>14.30 \u2013 14.45 Coffee break<\/strong><\/p>\n<p><strong>14.45 \u2013 16.30 Project meeting<\/strong><\/p>\n<p>&nbsp;<\/p>\n<p>&nbsp;<\/p>\n","protected":false},"excerpt":{"rendered":"<p>28 \u2013 30 May (Wednesday \u2013 Friday) 2025 Institute of World Literature SAS\u00a0+ online, in Slovak and English Zoom Meeting International Conference Small Literatures as World Literature (May 28) https:\/\/us06web.zoom.us\/j\/89541726597?pwd=VO7XOwHg8JZiO24JOwaC7prnobduxH.1 Meeting ID: 895 4172 6597 Passcode: 040644 &nbsp; &nbsp; &nbsp; International Conference Small Literatures as World Literature (May 29) https:\/\/us06web.zoom.us\/j\/83177360485?pwd=HuWanlIYTiVA0V62v2aODDb36jzuJ3.1 Meeting ID: 831 7736 0485 &hellip; <a href=\"https:\/\/usvl.sav.sk\/wp\/?p=9740\" class=\"more-link\">Pokra\u010dova\u0165 na <span class=\"screen-reader-text\">International Conference Small Literatures as World Literature<\/span> <span class=\"meta-nav\">&rarr;<\/span><\/a><\/p>\n","protected":false},"author":1,"featured_media":0,"comment_status":"closed","ping_status":"closed","sticky":false,"template":"","format":"standard","meta":{"footnotes":""},"categories":[10],"tags":[],"class_list":["post-9767","post","type-post","status-publish","format-standard","hentry","category-pozvanky"],"_links":{"self":[{"href":"https:\/\/usvl.sav.sk\/wp\/index.php?rest_route=\/wp\/v2\/posts\/9767","targetHints":{"allow":["GET"]}}],"collection":[{"href":"https:\/\/usvl.sav.sk\/wp\/index.php?rest_route=\/wp\/v2\/posts"}],"about":[{"href":"https:\/\/usvl.sav.sk\/wp\/index.php?rest_route=\/wp\/v2\/types\/post"}],"author":[{"embeddable":true,"href":"https:\/\/usvl.sav.sk\/wp\/index.php?rest_route=\/wp\/v2\/users\/1"}],"replies":[{"embeddable":true,"href":"https:\/\/usvl.sav.sk\/wp\/index.php?rest_route=%2Fwp%2Fv2%2Fcomments&post=9767"}],"version-history":[{"count":33,"href":"https:\/\/usvl.sav.sk\/wp\/index.php?rest_route=\/wp\/v2\/posts\/9767\/revisions"}],"predecessor-version":[{"id":9969,"href":"https:\/\/usvl.sav.sk\/wp\/index.php?rest_route=\/wp\/v2\/posts\/9767\/revisions\/9969"}],"wp:attachment":[{"href":"https:\/\/usvl.sav.sk\/wp\/index.php?rest_route=%2Fwp%2Fv2%2Fmedia&parent=9767"}],"wp:term":[{"taxonomy":"category","embeddable":true,"href":"https:\/\/usvl.sav.sk\/wp\/index.php?rest_route=%2Fwp%2Fv2%2Fcategories&post=9767"},{"taxonomy":"post_tag","embeddable":true,"href":"https:\/\/usvl.sav.sk\/wp\/index.php?rest_route=%2Fwp%2Fv2%2Ftags&post=9767"}],"curies":[{"name":"wp","href":"https:\/\/api.w.org\/{rel}","templated":true}]}}