{"id":7007,"date":"2023-10-27T19:49:10","date_gmt":"2023-10-27T19:49:10","guid":{"rendered":"https:\/\/usvl.sav.sk\/wp\/?p=7007&#038;lang=en"},"modified":"2023-10-27T19:49:10","modified_gmt":"2023-10-27T19:49:10","slug":"presidium-of-the-sas-awarded-personalities-of-the-institute-of-world-literature","status":"publish","type":"post","link":"https:\/\/usvl.sav.sk\/wp\/?p=6982","title":{"rendered":"Presidium of the SAS awarded personalities of the Institute of World Literature"},"content":{"rendered":"<p><strong><a href=\"https:\/\/usvl.sav.sk\/wp\/wp-content\/uploads\/IMG_2890_mensia-scaled.jpg\"><img loading=\"lazy\" decoding=\"async\" class=\"alignleft wp-image-7000\" src=\"https:\/\/usvl.sav.sk\/wp\/wp-content\/uploads\/IMG_2890_mensia-729x1024.jpg\" alt=\"\" width=\"268\" height=\"377\" srcset=\"https:\/\/usvl.sav.sk\/wp\/wp-content\/uploads\/IMG_2890_mensia-729x1024.jpg 729w, https:\/\/usvl.sav.sk\/wp\/wp-content\/uploads\/IMG_2890_mensia-213x300.jpg 213w, https:\/\/usvl.sav.sk\/wp\/wp-content\/uploads\/IMG_2890_mensia-768x1079.jpg 768w, https:\/\/usvl.sav.sk\/wp\/wp-content\/uploads\/IMG_2890_mensia-1093x1536.jpg 1093w, https:\/\/usvl.sav.sk\/wp\/wp-content\/uploads\/IMG_2890_mensia-1457x2048.jpg 1457w, https:\/\/usvl.sav.sk\/wp\/wp-content\/uploads\/IMG_2890_mensia-scaled.jpg 1822w\" sizes=\"auto, (max-width: 268px) 100vw, 268px\" \/><\/a>Our colleagues Jana Cvikov\u00e1 and Roman Mikul\u00e1\u0161 have been awarded distinguished academic awards from the Slovak Academy of Sciences.<br \/>\n<\/strong><\/p>\n<p>On Wednesday, October 25, 2023, our colleagues Jana Cvikov\u00e1 and Roman Mikul\u00e1\u0161 accepted \u00a0distinguished academic awards from the SAS Vice-President Miroslav T. Morovics. Jana Cvikov\u00e1, the editor of the journal <a href=\"https:\/\/wls.sav.sk\/?lang=en\"><em>World Literature Studies<\/em><\/a> and scientific secretary of the Institute of World Literature, was awarded the SAS Memorial Plaque by the SAS Equal Opportunity Committee. Roman Mikul\u00e1\u0161, head of the Department of Literary Theory and editor of the <a href=\"https:\/\/hyperlexikon.sav.sk\/\">Hyperlexicon of Concepts and Categories in Literary Studies<\/a>, received the \u013dudov\u00edt \u0160t\u00far Plaque of Honour SAS for his contribution to the humanities and social sciences. Congratulations!<\/p>\n<p>Read more <a href=\"https:\/\/www.sav.sk\/?lang=sk&amp;doc=services-news&amp;source_no=20&amp;news_no=11488\">here<\/a>.<\/p>\n<div id='gallery-1' class='gallery galleryid-7007 gallery-columns-3 gallery-size-thumbnail'><figure class='gallery-item'>\n\t\t\t<div class='gallery-icon landscape'>\n\t\t\t\t<a href='https:\/\/usvl.sav.sk\/wp\/?attachment_id=6996'><img loading=\"lazy\" decoding=\"async\" width=\"150\" height=\"150\" src=\"https:\/\/usvl.sav.sk\/wp\/wp-content\/uploads\/DSC4346-150x150.jpg\" class=\"attachment-thumbnail size-thumbnail\" alt=\"\" aria-describedby=\"gallery-1-6996\" \/><\/a>\n\t\t\t<\/div>\n\t\t\t\t<figcaption class='wp-caption-text gallery-caption' id='gallery-1-6996'>\n\t\t\t\tPodpredseda SAV pre 3. oddelenie Miroslav T. Morovics po\u010das odovzd\u00e1vania cien\n\t\t\t\t<\/figcaption><\/figure><figure class='gallery-item'>\n\t\t\t<div class='gallery-icon landscape'>\n\t\t\t\t<a href='https:\/\/usvl.sav.sk\/wp\/?attachment_id=6995'><img loading=\"lazy\" decoding=\"async\" width=\"150\" height=\"150\" src=\"https:\/\/usvl.sav.sk\/wp\/wp-content\/uploads\/DSC4344-150x150.jpg\" class=\"attachment-thumbnail size-thumbnail\" alt=\"\" aria-describedby=\"gallery-1-6995\" \/><\/a>\n\t\t\t<\/div>\n\t\t\t\t<figcaption class='wp-caption-text gallery-caption' id='gallery-1-6995'>\n\t\t\t\tPoh\u013ead do zasada\u010dky \u00fastavu po\u010das odovzd\u00e1vania cien.\n\t\t\t\t<\/figcaption><\/figure><figure class='gallery-item'>\n\t\t\t<div class='gallery-icon landscape'>\n\t\t\t\t<a href='https:\/\/usvl.sav.sk\/wp\/?attachment_id=6997'><img loading=\"lazy\" decoding=\"async\" width=\"150\" height=\"150\" src=\"https:\/\/usvl.sav.sk\/wp\/wp-content\/uploads\/DSC4358-150x150.jpg\" class=\"attachment-thumbnail size-thumbnail\" alt=\"\" aria-describedby=\"gallery-1-6997\" \/><\/a>\n\t\t\t<\/div>\n\t\t\t\t<figcaption class='wp-caption-text gallery-caption' id='gallery-1-6997'>\n\t\t\t\tJana Cvikov\u00e1 s Pam\u00e4tnou plaketou SAV\n\t\t\t\t<\/figcaption><\/figure><figure class='gallery-item'>\n\t\t\t<div class='gallery-icon landscape'>\n\t\t\t\t<a href='https:\/\/usvl.sav.sk\/wp\/?attachment_id=6998'><img loading=\"lazy\" decoding=\"async\" width=\"150\" height=\"150\" src=\"https:\/\/usvl.sav.sk\/wp\/wp-content\/uploads\/DSC4383-150x150.jpg\" class=\"attachment-thumbnail size-thumbnail\" alt=\"\" aria-describedby=\"gallery-1-6998\" \/><\/a>\n\t\t\t<\/div>\n\t\t\t\t<figcaption class='wp-caption-text gallery-caption' id='gallery-1-6998'>\n\t\t\t\tRoman Mikul\u00e1\u0161 s \u010cestnou plaketou SAV \u013dudov\u00edta \u0160t\u00fara za z\u00e1sluhy v humanitn\u00fdch a spolo\u010densk\u00fdch ved\u00e1ch\n\t\t\t\t<\/figcaption><\/figure><figure class='gallery-item'>\n\t\t\t<div class='gallery-icon landscape'>\n\t\t\t\t<a href='https:\/\/usvl.sav.sk\/wp\/?attachment_id=7001'><img loading=\"lazy\" decoding=\"async\" width=\"150\" height=\"150\" src=\"https:\/\/usvl.sav.sk\/wp\/wp-content\/uploads\/IMG_2896_mensia-150x150.jpg\" class=\"attachment-thumbnail size-thumbnail\" alt=\"\" aria-describedby=\"gallery-1-7001\" \/><\/a>\n\t\t\t<\/div>\n\t\t\t\t<figcaption class='wp-caption-text gallery-caption' id='gallery-1-7001'>\n\t\t\t\tJana Cvikov\u00e1 a Roman Mikul\u00e1\u0161 s veden\u00edm \u00fastavu: riadite\u013ekou Judit G\u00f6r\u00f6zdi a jej z\u00e1stupcom R\u00f3bertom G\u00e1frikom\n\t\t\t\t<\/figcaption><\/figure><figure class='gallery-item'>\n\t\t\t<div class='gallery-icon landscape'>\n\t\t\t\t<a href='https:\/\/usvl.sav.sk\/wp\/?attachment_id=6999'><img loading=\"lazy\" decoding=\"async\" width=\"150\" height=\"150\" src=\"https:\/\/usvl.sav.sk\/wp\/wp-content\/uploads\/IMG_2899_mensia-150x150.jpg\" class=\"attachment-thumbnail size-thumbnail\" alt=\"\" aria-describedby=\"gallery-1-6999\" \/><\/a>\n\t\t\t<\/div>\n\t\t\t\t<figcaption class='wp-caption-text gallery-caption' id='gallery-1-6999'>\n\t\t\t\tKolekt\u00edv \u00dastavu svetovej literat\u00fary SAV, v. v. i., s ocenen\u00fdmi.\n\t\t\t\t<\/figcaption><\/figure>\n\t\t<\/div>\n\n","protected":false},"excerpt":{"rendered":"<p>Our colleagues Jana Cvikov\u00e1 and Roman Mikul\u00e1\u0161 have been awarded distinguished academic awards from the Slovak Academy of Sciences. On Wednesday, October 25, 2023, our colleagues Jana Cvikov\u00e1 and Roman Mikul\u00e1\u0161 accepted \u00a0distinguished academic awards from the SAS Vice-President Miroslav T. Morovics. Jana Cvikov\u00e1, the editor of the journal World Literature Studies and scientific secretary &hellip; <a href=\"https:\/\/usvl.sav.sk\/wp\/?p=6982\" class=\"more-link\">Pokra\u010dova\u0165 na <span class=\"screen-reader-text\">Presidium of the SAS awarded personalities of the Institute of World Literature<\/span> <span class=\"meta-nav\">&rarr;<\/span><\/a><\/p>\n","protected":false},"author":1,"featured_media":0,"comment_status":"closed","ping_status":"closed","sticky":false,"template":"","format":"standard","meta":{"footnotes":""},"categories":[],"tags":[],"class_list":["post-7007","post","type-post","status-publish","format-standard","hentry"],"_links":{"self":[{"href":"https:\/\/usvl.sav.sk\/wp\/index.php?rest_route=\/wp\/v2\/posts\/7007","targetHints":{"allow":["GET"]}}],"collection":[{"href":"https:\/\/usvl.sav.sk\/wp\/index.php?rest_route=\/wp\/v2\/posts"}],"about":[{"href":"https:\/\/usvl.sav.sk\/wp\/index.php?rest_route=\/wp\/v2\/types\/post"}],"author":[{"embeddable":true,"href":"https:\/\/usvl.sav.sk\/wp\/index.php?rest_route=\/wp\/v2\/users\/1"}],"replies":[{"embeddable":true,"href":"https:\/\/usvl.sav.sk\/wp\/index.php?rest_route=%2Fwp%2Fv2%2Fcomments&post=7007"}],"version-history":[{"count":1,"href":"https:\/\/usvl.sav.sk\/wp\/index.php?rest_route=\/wp\/v2\/posts\/7007\/revisions"}],"predecessor-version":[{"id":7008,"href":"https:\/\/usvl.sav.sk\/wp\/index.php?rest_route=\/wp\/v2\/posts\/7007\/revisions\/7008"}],"wp:attachment":[{"href":"https:\/\/usvl.sav.sk\/wp\/index.php?rest_route=%2Fwp%2Fv2%2Fmedia&parent=7007"}],"wp:term":[{"taxonomy":"category","embeddable":true,"href":"https:\/\/usvl.sav.sk\/wp\/index.php?rest_route=%2Fwp%2Fv2%2Fcategories&post=7007"},{"taxonomy":"post_tag","embeddable":true,"href":"https:\/\/usvl.sav.sk\/wp\/index.php?rest_route=%2Fwp%2Fv2%2Ftags&post=7007"}],"curies":[{"name":"wp","href":"https:\/\/api.w.org\/{rel}","templated":true}]}}