{"id":9979,"date":"2025-05-15T16:10:35","date_gmt":"2025-05-15T16:10:35","guid":{"rendered":"https:\/\/usvl.sav.sk\/wp\/?p=9979"},"modified":"2025-05-19T09:15:05","modified_gmt":"2025-05-19T09:15:05","slug":"prezentacia-monografie-silvie-rybarovej-dejiny-pamat-a-osobny-pribeh-v-sucasnej-francuzskej-proze","status":"publish","type":"post","link":"https:\/\/usvl.sav.sk\/wp\/?p=9979","title":{"rendered":"Prezent\u00e1cia monografie Silvie Ryb\u00e1rovej Dejiny, pam\u00e4\u0165 a osobn\u00fd pr\u00edbeh v s\u00fa\u010dasnej franc\u00fazskej pr\u00f3ze"},"content":{"rendered":"<p><strong><a href=\"https:\/\/usvl.sav.sk\/wp\/wp-content\/uploads\/silvia-s-knihou.jpg\"><img loading=\"lazy\" decoding=\"async\" class=\"size-medium wp-image-8922 alignleft\" src=\"https:\/\/usvl.sav.sk\/wp\/wp-content\/uploads\/silvia-s-knihou-225x300.jpg\" alt=\"\" width=\"225\" height=\"300\" srcset=\"https:\/\/usvl.sav.sk\/wp\/wp-content\/uploads\/silvia-s-knihou-225x300.jpg 225w, https:\/\/usvl.sav.sk\/wp\/wp-content\/uploads\/silvia-s-knihou-770x1024.jpg 770w, https:\/\/usvl.sav.sk\/wp\/wp-content\/uploads\/silvia-s-knihou-768x1022.jpg 768w, https:\/\/usvl.sav.sk\/wp\/wp-content\/uploads\/silvia-s-knihou-1154x1536.jpg 1154w, https:\/\/usvl.sav.sk\/wp\/wp-content\/uploads\/silvia-s-knihou.jpg 1539w\" sizes=\"auto, (max-width: 225px) 100vw, 225px\" \/><\/a>Kedy:<\/strong> 21. m\u00e1ja (streda) 2025 o 14:00<br \/>\n<strong>Kde:<\/strong> ve\u013ek\u00e1 zasada\u010dka \u00dastavu svetovej literat\u00fary SAV, v. v. i.<\/p>\n<p><strong>Zoom Meeting<\/strong><br \/>\n<a href=\"https:\/\/us06web.zoom.us\/j\/83112154378?pwd=dbZAObC3jLGVAJKnwABbqfaZwgEswe.1\">https:\/\/us06web.zoom.us\/j\/83112154378?pwd=dbZAObC3jLGVAJKnwABbqfaZwgEswe.1<\/a><br \/>\nMeeting ID: 831 1215 4378<br \/>\nPasscode: 774710<\/p>\n<p><strong>Spolu s autorkou monografiu predstavia historik Miloslav Szab\u00f3 a liter\u00e1rny vedec Adam B\u017eoch.<\/strong><\/p>\n<p>Debutov\u00e1 monografia romanistky Silvie Ryb\u00e1rovej <a href=\"https:\/\/www.sav.sk\/?lang=sk&amp;doc=activity-monography-response-page&amp;institute_no=66&amp;monography_id=404\">Dejiny, pam\u00e4\u0165 a osobn\u00fd pr\u00edbeh v s\u00fa\u010dasnej franc\u00fazskej pr\u00f3ze<\/a>\u00a0je v\u00fdsledkom autorkinho nieko\u013ekoro\u010dn\u00e9ho v\u00fdskumu stv\u00e1rnenia dej\u00edn druhej svetovej vojny a holokaustu. Sk\u00fama v nej povahu fik\u010dn\u00e9ho a historick\u00e9ho narat\u00edvu o dejin\u00e1ch, uva\u017euje o modalit\u00e1ch tematiz\u00e1cie dej\u00edn z h\u013eadiska ich stv\u00e1rnenia ako osobn\u00e9ho z\u00e1\u017eitku v dielach povojnov\u00fdch autorov (J. Semprun, G. Perec, A. Camus), ako aj z h\u013eadiska sprostredkovanej sk\u00fasenosti v dielach s\u00fa\u010dasn\u00fdch autorov a autoriek (P. Modiano, L. Binet, N. Huston, S. Germain), pri\u010dom \u0165a\u017eiskovo upriamuje pozornos\u0165 na rom\u00e1nov\u00fa tvorbu Sylvie Germain.<\/p>\n<p>&nbsp;<\/p>\n","protected":false},"excerpt":{"rendered":"<p>Kedy: 21. m\u00e1ja (streda) 2025 o 14:00 Kde: ve\u013ek\u00e1 zasada\u010dka \u00dastavu svetovej literat\u00fary SAV, v. v. i. Zoom Meeting https:\/\/us06web.zoom.us\/j\/83112154378?pwd=dbZAObC3jLGVAJKnwABbqfaZwgEswe.1 Meeting ID: 831 1215 4378 Passcode: 774710 Spolu s autorkou monografiu predstavia historik Miloslav Szab\u00f3 a liter\u00e1rny vedec Adam B\u017eoch. Debutov\u00e1 monografia romanistky Silvie Ryb\u00e1rovej Dejiny, pam\u00e4\u0165 a osobn\u00fd pr\u00edbeh v s\u00fa\u010dasnej franc\u00fazskej pr\u00f3ze\u00a0je v\u00fdsledkom &hellip; <a href=\"https:\/\/usvl.sav.sk\/wp\/?p=9979\" class=\"more-link\">Pokra\u010dova\u0165 na <span class=\"screen-reader-text\">Prezent\u00e1cia monografie Silvie Ryb\u00e1rovej Dejiny, pam\u00e4\u0165 a osobn\u00fd pr\u00edbeh v s\u00fa\u010dasnej franc\u00fazskej pr\u00f3ze<\/span> <span class=\"meta-nav\">&rarr;<\/span><\/a><\/p>\n","protected":false},"author":1,"featured_media":0,"comment_status":"closed","ping_status":"closed","sticky":false,"template":"","format":"standard","meta":{"footnotes":""},"categories":[12,30,10],"tags":[],"class_list":["post-9979","post","type-post","status-publish","format-standard","hentry","category-nove-knihy","category-events-2","category-pozvanky"],"_links":{"self":[{"href":"https:\/\/usvl.sav.sk\/wp\/index.php?rest_route=\/wp\/v2\/posts\/9979","targetHints":{"allow":["GET"]}}],"collection":[{"href":"https:\/\/usvl.sav.sk\/wp\/index.php?rest_route=\/wp\/v2\/posts"}],"about":[{"href":"https:\/\/usvl.sav.sk\/wp\/index.php?rest_route=\/wp\/v2\/types\/post"}],"author":[{"embeddable":true,"href":"https:\/\/usvl.sav.sk\/wp\/index.php?rest_route=\/wp\/v2\/users\/1"}],"replies":[{"embeddable":true,"href":"https:\/\/usvl.sav.sk\/wp\/index.php?rest_route=%2Fwp%2Fv2%2Fcomments&post=9979"}],"version-history":[{"count":11,"href":"https:\/\/usvl.sav.sk\/wp\/index.php?rest_route=\/wp\/v2\/posts\/9979\/revisions"}],"predecessor-version":[{"id":9991,"href":"https:\/\/usvl.sav.sk\/wp\/index.php?rest_route=\/wp\/v2\/posts\/9979\/revisions\/9991"}],"wp:attachment":[{"href":"https:\/\/usvl.sav.sk\/wp\/index.php?rest_route=%2Fwp%2Fv2%2Fmedia&parent=9979"}],"wp:term":[{"taxonomy":"category","embeddable":true,"href":"https:\/\/usvl.sav.sk\/wp\/index.php?rest_route=%2Fwp%2Fv2%2Fcategories&post=9979"},{"taxonomy":"post_tag","embeddable":true,"href":"https:\/\/usvl.sav.sk\/wp\/index.php?rest_route=%2Fwp%2Fv2%2Ftags&post=9979"}],"curies":[{"name":"wp","href":"https:\/\/api.w.org\/{rel}","templated":true}]}}