{"id":9675,"date":"2025-03-28T16:25:33","date_gmt":"2025-03-28T16:25:33","guid":{"rendered":"https:\/\/usvl.sav.sk\/wp\/?p=9675"},"modified":"2025-03-31T12:56:39","modified_gmt":"2025-03-31T12:56:39","slug":"prezentacia-knihy-adama-bzocha-holandske-portrety-ii","status":"publish","type":"post","link":"https:\/\/usvl.sav.sk\/wp\/?p=9675","title":{"rendered":"Prezent\u00e1cia knihy Adama B\u017eocha Holandsk\u00e9 portr\u00e9ty II v Trnave"},"content":{"rendered":"<p><strong><a href=\"https:\/\/usvl.sav.sk\/wp\/?attachment_id=9677\" rel=\"attachment wp-att-9677\"><img loading=\"lazy\" decoding=\"async\" class=\"alignleft size-medium wp-image-9677\" src=\"https:\/\/usvl.sav.sk\/wp\/wp-content\/uploads\/Pozvanka_A_Bzoch_Holandske_portrety_II-211x300.jpeg\" alt=\"\" width=\"211\" height=\"300\" srcset=\"https:\/\/usvl.sav.sk\/wp\/wp-content\/uploads\/Pozvanka_A_Bzoch_Holandske_portrety_II-211x300.jpeg 211w, https:\/\/usvl.sav.sk\/wp\/wp-content\/uploads\/Pozvanka_A_Bzoch_Holandske_portrety_II-722x1024.jpeg 722w, https:\/\/usvl.sav.sk\/wp\/wp-content\/uploads\/Pozvanka_A_Bzoch_Holandske_portrety_II-768x1090.jpeg 768w, https:\/\/usvl.sav.sk\/wp\/wp-content\/uploads\/Pozvanka_A_Bzoch_Holandske_portrety_II.jpeg 874w\" sizes=\"auto, (max-width: 211px) 100vw, 211px\" \/><\/a>KEDY: \u0161tvrtok 10. apr\u00edla o 18.00 hod.<br \/>\nKDE: Gal\u00e9ria J\u00e1na Koniarka, Koppelova vila (Zelen\u00fd kr\u00ed\u010dek 3, Trnava)<\/strong><\/p>\n<p>Podujatie, na ktorom bude prezentovan\u00e1 najnov\u0161ia kniha n\u00e1\u0161ho kolegu Adama B\u017eocha, otvor\u00ed riadite\u013e gal\u00e9rie Adri\u00e1n Kobeti\u010d. \u00davodn\u00e9 slovo prednesie ve\u013evyslanec Holandsk\u00e9ho kr\u00e1\u013eovstva na Slovensku Jules Gerzon. Knihu predstav\u00ed riadite\u013e \u00dastavu svetovej literat\u00fary SAV, v. v. i., R\u00f3bert G\u00e1frik.<\/p>\n<p>&nbsp;<\/p>\n<p><strong>\u00a0<\/strong><\/p>\n","protected":false},"excerpt":{"rendered":"<p>KEDY: \u0161tvrtok 10. apr\u00edla o 18.00 hod. KDE: Gal\u00e9ria J\u00e1na Koniarka, Koppelova vila (Zelen\u00fd kr\u00ed\u010dek 3, Trnava) Podujatie, na ktorom bude prezentovan\u00e1 najnov\u0161ia kniha n\u00e1\u0161ho kolegu Adama B\u017eocha, otvor\u00ed riadite\u013e gal\u00e9rie Adri\u00e1n Kobeti\u010d. \u00davodn\u00e9 slovo prednesie ve\u013evyslanec Holandsk\u00e9ho kr\u00e1\u013eovstva na Slovensku Jules Gerzon. Knihu predstav\u00ed riadite\u013e \u00dastavu svetovej literat\u00fary SAV, v. v. i., R\u00f3bert G\u00e1frik. &hellip; <a href=\"https:\/\/usvl.sav.sk\/wp\/?p=9675\" class=\"more-link\">Pokra\u010dova\u0165 na <span class=\"screen-reader-text\">Prezent\u00e1cia knihy Adama B\u017eocha Holandsk\u00e9 portr\u00e9ty II v Trnave<\/span> <span class=\"meta-nav\">&rarr;<\/span><\/a><\/p>\n","protected":false},"author":1,"featured_media":0,"comment_status":"closed","ping_status":"closed","sticky":false,"template":"","format":"standard","meta":{"footnotes":""},"categories":[30,10],"tags":[],"class_list":["post-9675","post","type-post","status-publish","format-standard","hentry","category-events-2","category-pozvanky"],"_links":{"self":[{"href":"https:\/\/usvl.sav.sk\/wp\/index.php?rest_route=\/wp\/v2\/posts\/9675","targetHints":{"allow":["GET"]}}],"collection":[{"href":"https:\/\/usvl.sav.sk\/wp\/index.php?rest_route=\/wp\/v2\/posts"}],"about":[{"href":"https:\/\/usvl.sav.sk\/wp\/index.php?rest_route=\/wp\/v2\/types\/post"}],"author":[{"embeddable":true,"href":"https:\/\/usvl.sav.sk\/wp\/index.php?rest_route=\/wp\/v2\/users\/1"}],"replies":[{"embeddable":true,"href":"https:\/\/usvl.sav.sk\/wp\/index.php?rest_route=%2Fwp%2Fv2%2Fcomments&post=9675"}],"version-history":[{"count":5,"href":"https:\/\/usvl.sav.sk\/wp\/index.php?rest_route=\/wp\/v2\/posts\/9675\/revisions"}],"predecessor-version":[{"id":9681,"href":"https:\/\/usvl.sav.sk\/wp\/index.php?rest_route=\/wp\/v2\/posts\/9675\/revisions\/9681"}],"wp:attachment":[{"href":"https:\/\/usvl.sav.sk\/wp\/index.php?rest_route=%2Fwp%2Fv2%2Fmedia&parent=9675"}],"wp:term":[{"taxonomy":"category","embeddable":true,"href":"https:\/\/usvl.sav.sk\/wp\/index.php?rest_route=%2Fwp%2Fv2%2Fcategories&post=9675"},{"taxonomy":"post_tag","embeddable":true,"href":"https:\/\/usvl.sav.sk\/wp\/index.php?rest_route=%2Fwp%2Fv2%2Ftags&post=9675"}],"curies":[{"name":"wp","href":"https:\/\/api.w.org\/{rel}","templated":true}]}}