{"id":9664,"date":"2025-03-27T08:09:45","date_gmt":"2025-03-27T08:09:45","guid":{"rendered":"https:\/\/usvl.sav.sk\/wp\/?p=9664"},"modified":"2025-04-11T09:22:19","modified_gmt":"2025-04-11T09:22:19","slug":"prednaska-adama-bzocha-konverzacia-v-europskej-literature","status":"publish","type":"post","link":"https:\/\/usvl.sav.sk\/wp\/?p=9664","title":{"rendered":"Konverz\u00e1cia v eur\u00f3pskej literat\u00fare: predn\u00e1\u0161ka A. B\u017eocha v Univerzitnej kni\u017enici"},"content":{"rendered":"<p>Poz\u00fdvame v\u00e1s na predn\u00e1\u0161ku Adama B\u017eocha o podob\u00e1ch Konverz\u00e1cie v eur\u00f3pskej literat\u00fare (a \u010fal\u0161\u00edch druhoch umenia). Predn\u00e1\u0161ka o minul\u00fdch aj s\u00fa\u010dasn\u00fdch v\u00fdznamoch konverz\u00e1cie sa kon\u00e1 v r\u00e1mci s\u00e9rie podujat\u00ed pre verejnos\u0165 \u201e\u010co v\u0161etko je svetov\u00e1 literat\u00fara?\u201c organizovanej v spolupr\u00e1ci Univerzitnej kni\u017enice v Bratislave a \u00dastavu svetovej literat\u00fary SAV, v. v. i.<\/p>\n<p><strong>KEDY: STREDA \/ 9. apr\u00edla 2025 \/ 18:00<\/strong><\/p>\n<p><strong>KDE: Semin\u00e1rna s\u00e1la Univerzitnej kni\u017enice v Bratislave, Klarisk\u00e1 5<\/strong><\/p>\n<p>\u010co je to konverz\u00e1cia? Je to len nez\u00e1v\u00e4zn\u00fd rozhovor alebo m\u00f4\u017ee \u00eds\u0165 o nie\u010do viac? Ako sa podie\u013ea na utv\u00e1ran\u00ed a udr\u017eiavan\u00ed civilizovan\u00fdch spolo\u010denstiev? <!--more-->Ako s\u00favis\u00ed s kr\u00e1snou literat\u00farou \u010di s in\u00fdmi druhmi umenia? Predn\u00e1\u0161ka profesora Adama B\u017eocha n\u00e1m pribl\u00ed\u017ei nielen historick\u00e9 podoby konverz\u00e1cie v eur\u00f3pskom umen\u00ed \u2013 vr\u00e1tane literat\u00fary, ale aj jej kult\u00farny v\u00fdznam dnes. V spolo\u010denskej konverz\u00e1cii sa toti\u017e v\u017edy prejavuje i postoj k humanite. Zneva\u017eovanie, zosmie\u0161\u0148ovanie, slovn\u00e9 \u010di dokonca fyzick\u00e9 nap\u00e1danie alebo poh\u0155dav\u00e9 ignorovanie n\u00e1protivku \u2013 to v\u0161etko sved\u010d\u00ed o nedostatku re\u0161pektu vo\u010di \u010dloveku ako osobe, ako aj o popieran\u00ed hodn\u00f4t, ktor\u00e9 v kone\u010dnom d\u00f4sledku vedie k rozpadu dru\u017en\u00fdch spolo\u010denstiev aj k \u00fapadku jazyka a kult\u00fary.<\/p>\n<figure id=\"attachment_8289\" aria-describedby=\"caption-attachment-8289\" style=\"width: 187px\" class=\"wp-caption alignleft\"><a href=\"https:\/\/usvl.sav.sk\/wp\/?attachment_id=8289\" rel=\"attachment wp-att-8289\"><img loading=\"lazy\" decoding=\"async\" class=\"size-medium wp-image-8289\" src=\"https:\/\/usvl.sav.sk\/wp\/wp-content\/uploads\/Konverzacia_a_europska_literatura-1-187x300.jpg\" alt=\"\" width=\"187\" height=\"300\" srcset=\"https:\/\/usvl.sav.sk\/wp\/wp-content\/uploads\/Konverzacia_a_europska_literatura-1-187x300.jpg 187w, https:\/\/usvl.sav.sk\/wp\/wp-content\/uploads\/Konverzacia_a_europska_literatura-1.jpg 479w\" sizes=\"auto, (max-width: 187px) 100vw, 187px\" \/><\/a><figcaption id=\"caption-attachment-8289\" class=\"wp-caption-text\">Monografia A. B\u017eocha z\u00edskala Cenu Liter\u00e1rneho fondu<\/figcaption><\/figure>\n<p><strong>Prof. Adam B\u017eoch, CSc.<\/strong>, je vedeck\u00fd pracovn\u00edk \u00dastavu svetovej literat\u00fary SAV, v. v. i.,\u00a0 liter\u00e1rny vedec, germanista a nederlandista, aktu\u00e1lne sa zameriava najm\u00e4 na kult\u00farnovedn\u00fd v\u00fdskum, ktor\u00e9ho v\u00fdsledkom je o. i. kniha <strong>Konverz\u00e1cia a eur\u00f3pska literat\u00fara<\/strong> (vyd. Eur\u00f3pa, s. r. o., 2023). Autor za \u0148u dostal Cenu Liter\u00e1rneho fondu.<\/p>\n<p>&nbsp;<\/p>\n<p><em><span style=\"color: #999999;\">Vstup vo\u013en\u00fd.<\/span><\/em><br \/>\n<em><span style=\"color: #999999;\">Na podujatiach v priestoroch Univerzitnej kni\u017enice v Bratislave sa vyhotovuj\u00fa fotografie \/ video pre propaga\u010dn\u00e9 a arch\u00edvne \u00fa\u010dely UKB \/ spoluorganiz\u00e1torov podujat\u00ed.<\/span><\/em><\/p>\n","protected":false},"excerpt":{"rendered":"<p>Poz\u00fdvame v\u00e1s na predn\u00e1\u0161ku Adama B\u017eocha o podob\u00e1ch Konverz\u00e1cie v eur\u00f3pskej literat\u00fare (a \u010fal\u0161\u00edch druhoch umenia). Predn\u00e1\u0161ka o minul\u00fdch aj s\u00fa\u010dasn\u00fdch v\u00fdznamoch konverz\u00e1cie sa kon\u00e1 v r\u00e1mci s\u00e9rie podujat\u00ed pre verejnos\u0165 \u201e\u010co v\u0161etko je svetov\u00e1 literat\u00fara?\u201c organizovanej v spolupr\u00e1ci Univerzitnej kni\u017enice v Bratislave a \u00dastavu svetovej literat\u00fary SAV, v. v. i. KEDY: STREDA \/ 9. &hellip; <a href=\"https:\/\/usvl.sav.sk\/wp\/?p=9664\" class=\"more-link\">Pokra\u010dova\u0165 na <span class=\"screen-reader-text\">Konverz\u00e1cia v eur\u00f3pskej literat\u00fare: predn\u00e1\u0161ka A. B\u017eocha v Univerzitnej kni\u017enici<\/span> <span class=\"meta-nav\">&rarr;<\/span><\/a><\/p>\n","protected":false},"author":1,"featured_media":2163,"comment_status":"closed","ping_status":"closed","sticky":false,"template":"","format":"standard","meta":{"footnotes":""},"categories":[30,10],"tags":[],"class_list":["post-9664","post","type-post","status-publish","format-standard","has-post-thumbnail","hentry","category-events-2","category-pozvanky"],"_links":{"self":[{"href":"https:\/\/usvl.sav.sk\/wp\/index.php?rest_route=\/wp\/v2\/posts\/9664","targetHints":{"allow":["GET"]}}],"collection":[{"href":"https:\/\/usvl.sav.sk\/wp\/index.php?rest_route=\/wp\/v2\/posts"}],"about":[{"href":"https:\/\/usvl.sav.sk\/wp\/index.php?rest_route=\/wp\/v2\/types\/post"}],"author":[{"embeddable":true,"href":"https:\/\/usvl.sav.sk\/wp\/index.php?rest_route=\/wp\/v2\/users\/1"}],"replies":[{"embeddable":true,"href":"https:\/\/usvl.sav.sk\/wp\/index.php?rest_route=%2Fwp%2Fv2%2Fcomments&post=9664"}],"version-history":[{"count":11,"href":"https:\/\/usvl.sav.sk\/wp\/index.php?rest_route=\/wp\/v2\/posts\/9664\/revisions"}],"predecessor-version":[{"id":9796,"href":"https:\/\/usvl.sav.sk\/wp\/index.php?rest_route=\/wp\/v2\/posts\/9664\/revisions\/9796"}],"wp:featuredmedia":[{"embeddable":true,"href":"https:\/\/usvl.sav.sk\/wp\/index.php?rest_route=\/wp\/v2\/media\/2163"}],"wp:attachment":[{"href":"https:\/\/usvl.sav.sk\/wp\/index.php?rest_route=%2Fwp%2Fv2%2Fmedia&parent=9664"}],"wp:term":[{"taxonomy":"category","embeddable":true,"href":"https:\/\/usvl.sav.sk\/wp\/index.php?rest_route=%2Fwp%2Fv2%2Fcategories&post=9664"},{"taxonomy":"post_tag","embeddable":true,"href":"https:\/\/usvl.sav.sk\/wp\/index.php?rest_route=%2Fwp%2Fv2%2Ftags&post=9664"}],"curies":[{"name":"wp","href":"https:\/\/api.w.org\/{rel}","templated":true}]}}