{"id":903,"date":"2016-06-08T11:33:55","date_gmt":"2016-06-08T11:33:55","guid":{"rendered":"http:\/\/usvl.sav.sk\/wp\/?p=903"},"modified":"2022-10-24T11:39:35","modified_gmt":"2022-10-24T11:39:35","slug":"cena-mateja-bela-za-slovnik-slovenskych-prekladatelov-umeleckej-literatury-20-storocia-a-k","status":"publish","type":"post","link":"https:\/\/usvl.sav.sk\/wp\/?p=903","title":{"rendered":"Cena Mateja Bela pre Slovn\u00edk slovensk\u00fdch prekladate\u013eov umeleckej literat\u00fary 20. storo\u010dia (A-K)"},"content":{"rendered":"<p>Cenu Mateja Bela za rok 2015 v kateg\u00f3rii lexikografick\u00fdch diel udelil<br \/>\nLiter\u00e1rny fond O\u013ege Kova\u010di\u010dovej a M\u00e1rii Kusej z \u00dastavu svetovej literat\u00fary<br \/>\nSAV za zostavenie diela Slovn\u00edk slovensk\u00fdch prekladate\u013eov umeleckej<br \/>\nliterat\u00fary 20. storo\u010dia (A-K).<\/p>\n<p><!--more--><br \/>\nKnihu vydal \u00dastav svetovej literat\u00fary SAV vo vydavate\u013estve Veda a<br \/>\nLiter\u00e1rny fond ocenil aj vydavate\u013ea a vydavate\u013estvo poctou za edi\u010dn\u00fd \u010din.<br \/>\nPredseda poroty 26. ro\u010dn\u00edka v\u00fdro\u010dn\u00fdch cien doc. RNDr. Juraj \u0160ebesta, PhD.<br \/>\nzhodnotil pr\u00ednos vydania Slovn\u00edka slovensk\u00fdch prekladate\u013eov umeleckej<br \/>\nliterat\u00fary 20. storo\u010dia (A-K) okrem in\u00e9ho slovami:<br \/>\n\u201eTreba zd\u00f4razni\u0165, \u017ee autorsk\u00e9mu kolekt\u00edvu sa podarilo zhroma\u017edi\u0165 poznatky<br \/>\no najv\u00fdznamnej\u0161\u00edch osobnostiach slovensk\u00e9ho umeleck\u00e9ho prekladu. Porota<br \/>\nocenila okrem obsahu aj \u00fasilie autorov o objekt\u00edvny \u0161t\u00fdl, ktor\u00fdm pod\u00e1vaj\u00fa<br \/>\nneraz aj problematick\u00e9 fakty. Obdiv si zasluhuje tie\u017e skuto\u010dnos\u0165, \u017ee sa<br \/>\npodarilo zladi\u0165 vyjadrovanie a expres\u00edvnos\u0165 jednotliv\u00fdch autorov, tak\u017ee<br \/>\nzv\u00e4\u010d\u0161a nec\u00edti\u0165 r\u00f4znorodos\u0165 mnohopo\u010detn\u00e9ho kolekt\u00edvu tridsiatich<br \/>\nodborn\u00edkov. Slovn\u00edk slovensk\u00fdch prekladate\u013eov umeleckej literat\u00fary je<br \/>\nmimoriadne z\u00e1slu\u017en\u00fdm \u010dinom, lebo poskytuje s\u00fahrnn\u00fd obraz podstatnej \u010dasti<br \/>\nkni\u017enej produkcie diel svetovej literat\u00fary, ktor\u00e9 boli vydan\u00e9 na Slovensku<br \/>\nv 20. storo\u010d\u00ed. V tejto podobe n\u00e1m ho m\u00f4\u017eu z\u00e1vidie\u0165 aj mnoh\u00e9 krajiny s<br \/>\nrozvinutej\u0161ou a star\u0161ou kni\u017enou kult\u00farou.\u201c<\/p>\n<p style=\"padding-left: 0px;\"><a href=\"https:\/\/usvl.sav.sk\/wp\/wp-content\/uploads\/image_thumb.php_.jpg\" rel=\"attachment wp-att-911\"><img loading=\"lazy\" decoding=\"async\" class=\"size-medium wp-image-911 alignnone\" src=\"http:\/\/usvl.sav.sk\/wp\/wp-content\/uploads\/image_thumb.php_-214x300.jpg\" alt=\"image_thumb.php\" width=\"214\" height=\"300\" srcset=\"https:\/\/usvl.sav.sk\/wp\/wp-content\/uploads\/image_thumb.php_-214x300.jpg 214w, https:\/\/usvl.sav.sk\/wp\/wp-content\/uploads\/image_thumb.php_.jpg 550w\" sizes=\"auto, (max-width: 214px) 100vw, 214px\" \/><\/a><\/p>\n<p style=\"padding-left: 0px;\"><a href=\"https:\/\/usvl.sav.sk\/wp\/wp-content\/uploads\/m-kusa.jpg\" rel=\"attachment wp-att-913\"><img loading=\"lazy\" decoding=\"async\" class=\"alignnone wp-image-913\" src=\"http:\/\/usvl.sav.sk\/wp\/wp-content\/uploads\/m-kusa-268x300.jpg\" alt=\"m kusa\" width=\"235\" height=\"263\" srcset=\"https:\/\/usvl.sav.sk\/wp\/wp-content\/uploads\/m-kusa-268x300.jpg 268w, https:\/\/usvl.sav.sk\/wp\/wp-content\/uploads\/m-kusa.jpg 550w\" sizes=\"auto, (max-width: 235px) 100vw, 235px\" \/><\/a><\/p>\n<p><a href=\"https:\/\/usvl.sav.sk\/wp\/wp-content\/uploads\/o-kovacicova.jpg\" rel=\"attachment wp-att-914\"><img loading=\"lazy\" decoding=\"async\" class=\" wp-image-914 alignnone\" src=\"http:\/\/usvl.sav.sk\/wp\/wp-content\/uploads\/o-kovacicova-257x300.jpg\" alt=\"o kovacicova\" width=\"237\" height=\"277\" srcset=\"https:\/\/usvl.sav.sk\/wp\/wp-content\/uploads\/o-kovacicova-257x300.jpg 257w, https:\/\/usvl.sav.sk\/wp\/wp-content\/uploads\/o-kovacicova.jpg 550w\" sizes=\"auto, (max-width: 237px) 100vw, 237px\" \/><\/a><\/p>\n<p><a href=\"https:\/\/usvl.sav.sk\/wp\/wp-content\/uploads\/e-borcin.jpg\" rel=\"attachment wp-att-917\"><img loading=\"lazy\" decoding=\"async\" class=\" wp-image-917 alignnone\" src=\"http:\/\/usvl.sav.sk\/wp\/wp-content\/uploads\/e-borcin-288x300.jpg\" alt=\"e borcin\" width=\"244\" height=\"254\" srcset=\"https:\/\/usvl.sav.sk\/wp\/wp-content\/uploads\/e-borcin-288x300.jpg 288w, https:\/\/usvl.sav.sk\/wp\/wp-content\/uploads\/e-borcin.jpg 550w\" sizes=\"auto, (max-width: 244px) 100vw, 244px\" \/><\/a><\/p>\n<p><a href=\"https:\/\/usvl.sav.sk\/wp\/wp-content\/uploads\/a-bzoch.jpg\" rel=\"attachment wp-att-918\"><img loading=\"lazy\" decoding=\"async\" class=\" wp-image-918 alignnone\" src=\"http:\/\/usvl.sav.sk\/wp\/wp-content\/uploads\/a-bzoch-300x259.jpg\" alt=\"a bzoch\" width=\"265\" height=\"229\" srcset=\"https:\/\/usvl.sav.sk\/wp\/wp-content\/uploads\/a-bzoch-300x259.jpg 300w, https:\/\/usvl.sav.sk\/wp\/wp-content\/uploads\/a-bzoch.jpg 550w\" sizes=\"auto, (max-width: 265px) 100vw, 265px\" \/><\/a><\/p>\n<p>Z textu \u013dubice Suballyovej na:<br \/>\n<a href=\"http:\/\/www.sav.sk\/index.php?lang=sk&amp;doc=services-news&amp;source_no=20&amp;news_no=6356\">http:\/\/www.sav.sk\/index.php?lang=sk&amp;doc=services-news&amp;source_no=20&amp;news_no=6356<\/a><br \/>\nFotografie: \u013dubica Suballyov\u00e1<\/p>\n","protected":false},"excerpt":{"rendered":"<p>Cenu Mateja Bela za rok 2015 v kateg\u00f3rii lexikografick\u00fdch diel udelil Liter\u00e1rny fond O\u013ege Kova\u010di\u010dovej a M\u00e1rii Kusej z \u00dastavu svetovej literat\u00fary SAV za zostavenie diela Slovn\u00edk slovensk\u00fdch prekladate\u013eov umeleckej literat\u00fary 20. storo\u010dia (A-K).<\/p>\n","protected":false},"author":1,"featured_media":0,"comment_status":"closed","ping_status":"open","sticky":false,"template":"","format":"standard","meta":{"footnotes":""},"categories":[17],"tags":[],"class_list":["post-903","post","type-post","status-publish","format-standard","hentry","category-knihy"],"_links":{"self":[{"href":"https:\/\/usvl.sav.sk\/wp\/index.php?rest_route=\/wp\/v2\/posts\/903","targetHints":{"allow":["GET"]}}],"collection":[{"href":"https:\/\/usvl.sav.sk\/wp\/index.php?rest_route=\/wp\/v2\/posts"}],"about":[{"href":"https:\/\/usvl.sav.sk\/wp\/index.php?rest_route=\/wp\/v2\/types\/post"}],"author":[{"embeddable":true,"href":"https:\/\/usvl.sav.sk\/wp\/index.php?rest_route=\/wp\/v2\/users\/1"}],"replies":[{"embeddable":true,"href":"https:\/\/usvl.sav.sk\/wp\/index.php?rest_route=%2Fwp%2Fv2%2Fcomments&post=903"}],"version-history":[{"count":27,"href":"https:\/\/usvl.sav.sk\/wp\/index.php?rest_route=\/wp\/v2\/posts\/903\/revisions"}],"predecessor-version":[{"id":5430,"href":"https:\/\/usvl.sav.sk\/wp\/index.php?rest_route=\/wp\/v2\/posts\/903\/revisions\/5430"}],"wp:attachment":[{"href":"https:\/\/usvl.sav.sk\/wp\/index.php?rest_route=%2Fwp%2Fv2%2Fmedia&parent=903"}],"wp:term":[{"taxonomy":"category","embeddable":true,"href":"https:\/\/usvl.sav.sk\/wp\/index.php?rest_route=%2Fwp%2Fv2%2Fcategories&post=903"},{"taxonomy":"post_tag","embeddable":true,"href":"https:\/\/usvl.sav.sk\/wp\/index.php?rest_route=%2Fwp%2Fv2%2Ftags&post=903"}],"curies":[{"name":"wp","href":"https:\/\/api.w.org\/{rel}","templated":true}]}}