{"id":8371,"date":"2024-08-23T09:55:12","date_gmt":"2024-08-23T09:55:12","guid":{"rendered":"https:\/\/usvl.sav.sk\/wp\/?p=8371"},"modified":"2024-08-27T15:04:39","modified_gmt":"2024-08-27T15:04:39","slug":"studia-terezie-guimard-bertrand-westphal-a-teoria-geokritiky","status":"publish","type":"post","link":"https:\/\/usvl.sav.sk\/wp\/?p=8371","title":{"rendered":"\u0160t\u00fadia Ter\u00e9zie Guimard: Bertrand Westphal a te\u00f3ria geokritiky"},"content":{"rendered":"<p>V druhom tohtoro\u010dnom \u010d\u00edsle \u010dasopisu Slovensk\u00e1 literat\u00fara vy\u0161la \u0161t\u00fadia doktorandky Ter\u00e9zie Guimard\u00a0 <em>Bertrand Westphal a te\u00f3ria geokritiky (\u00favodn\u00e9 pozn\u00e1mky k t\u00e9me)<\/em>:<\/p>\n<p>Mimoriadny d\u00f4raz, ktor\u00fd sa v s\u00fa\u010dasnosti pripisuje interdisciplin\u00e1rnemu pr\u00edstupu vo vedeckom sk\u00faman\u00ed a z\u00e1rove\u0148 d\u00f4le\u017eitos\u0165, ktor\u00e1 sa od priestorov\u00e9ho obratu pripisuje priestoru, sa pretavili aj do myslenia o liter\u00e1rnom priestore. Z h\u013eadiska s\u00fa\u010dasnej liter\u00e1rnej vedy je te\u00f3ria geokritiky franc\u00fazskeho liter\u00e1rneho vedca Bertranda Westphala zauj\u00edmav\u00e1 pr\u00e1ve v zmysle jej interdisciplinarity a geocentrizmu. V \u00fazkom spojen\u00ed s antropol\u00f3giou, geografiou, hist\u00f3riou \u010di kult\u00farnymi \u0161t\u00fadiami definuje B. Westphal geokritiku ako poetiku interakci\u00ed medzi literat\u00farou a \u013eudsk\u00fdm priestorom. Venuje sa tie\u017e \u0161t\u00fadiu vz\u0165ahov medzi fikt\u00edvnymi a skuto\u010dn\u00fdmi svetmi liter\u00e1rnych diel a ich soci\u00e1lnym a geografick\u00fdm kontextom, pri\u010dom ver\u00ed, \u017ee pr\u00e1ve oni m\u00f4\u017eu ovplyv\u0148ova\u0165 formovanie kult\u00farnych ident\u00edt. \u010cl\u00e1nok podrobne predstavuje te\u00f3riu geokritiky, jej hlavn\u00e9 v\u00fdchodisk\u00e1 a princ\u00edpy s cie\u013eom in\u0161pirova\u0165 bud\u00faci v\u00fdskum, ktor\u00e9ho predmetom by mohlo by\u0165 formulovanie geokritickej anal\u00fdzy. <strong><span style=\"color: #33cccc;\">Cel\u00fa \u0161t\u00fadiu si pre\u010d\u00edtajte <a style=\"color: #33cccc;\" href=\"https:\/\/www.sav.sk\/journals\/uploads\/03272302SL_2-24-07.pdf\">TU<\/a>.<\/span><\/strong><\/p>\n<p><strong><span style=\"color: #33cccc;\">#nacomijedoktorandskestudium<\/span> <\/strong>T\u00e9mou dizeta\u010dnej pr\u00e1ce T. Guimard pod veden\u00edm \u0161kolite\u013eky J. Truhl\u00e1\u0159ovej je Urb\u00e1nny a soci\u00e1lny priestor Par\u00ed\u017ea v rom\u00e1ne druhej polovice 19. storo\u010dia (tvorba Emila Zolu).<\/p>\n","protected":false},"excerpt":{"rendered":"<p>V druhom tohtoro\u010dnom \u010d\u00edsle \u010dasopisu Slovensk\u00e1 literat\u00fara vy\u0161la \u0161t\u00fadia doktorandky Ter\u00e9zie Guimard\u00a0 Bertrand Westphal a te\u00f3ria geokritiky (\u00favodn\u00e9 pozn\u00e1mky k t\u00e9me): Mimoriadny d\u00f4raz, ktor\u00fd sa v s\u00fa\u010dasnosti pripisuje interdisciplin\u00e1rnemu pr\u00edstupu vo vedeckom sk\u00faman\u00ed a z\u00e1rove\u0148 d\u00f4le\u017eitos\u0165, ktor\u00e1 sa od priestorov\u00e9ho obratu pripisuje priestoru, sa pretavili aj do myslenia o liter\u00e1rnom priestore. Z h\u013eadiska s\u00fa\u010dasnej liter\u00e1rnej &hellip; <a href=\"https:\/\/usvl.sav.sk\/wp\/?p=8371\" class=\"more-link\">Pokra\u010dova\u0165 na <span class=\"screen-reader-text\">\u0160t\u00fadia Ter\u00e9zie Guimard: Bertrand Westphal a te\u00f3ria geokritiky<\/span> <span class=\"meta-nav\">&rarr;<\/span><\/a><\/p>\n","protected":false},"author":1,"featured_media":0,"comment_status":"closed","ping_status":"closed","sticky":false,"template":"","format":"standard","meta":{"footnotes":""},"categories":[29,11,26],"tags":[],"class_list":["post-8371","post","type-post","status-publish","format-standard","hentry","category-kniznica-online","category-spravy","category-phd-studium"],"_links":{"self":[{"href":"https:\/\/usvl.sav.sk\/wp\/index.php?rest_route=\/wp\/v2\/posts\/8371","targetHints":{"allow":["GET"]}}],"collection":[{"href":"https:\/\/usvl.sav.sk\/wp\/index.php?rest_route=\/wp\/v2\/posts"}],"about":[{"href":"https:\/\/usvl.sav.sk\/wp\/index.php?rest_route=\/wp\/v2\/types\/post"}],"author":[{"embeddable":true,"href":"https:\/\/usvl.sav.sk\/wp\/index.php?rest_route=\/wp\/v2\/users\/1"}],"replies":[{"embeddable":true,"href":"https:\/\/usvl.sav.sk\/wp\/index.php?rest_route=%2Fwp%2Fv2%2Fcomments&post=8371"}],"version-history":[{"count":4,"href":"https:\/\/usvl.sav.sk\/wp\/index.php?rest_route=\/wp\/v2\/posts\/8371\/revisions"}],"predecessor-version":[{"id":8375,"href":"https:\/\/usvl.sav.sk\/wp\/index.php?rest_route=\/wp\/v2\/posts\/8371\/revisions\/8375"}],"wp:attachment":[{"href":"https:\/\/usvl.sav.sk\/wp\/index.php?rest_route=%2Fwp%2Fv2%2Fmedia&parent=8371"}],"wp:term":[{"taxonomy":"category","embeddable":true,"href":"https:\/\/usvl.sav.sk\/wp\/index.php?rest_route=%2Fwp%2Fv2%2Fcategories&post=8371"},{"taxonomy":"post_tag","embeddable":true,"href":"https:\/\/usvl.sav.sk\/wp\/index.php?rest_route=%2Fwp%2Fv2%2Ftags&post=8371"}],"curies":[{"name":"wp","href":"https:\/\/api.w.org\/{rel}","templated":true}]}}