{"id":8238,"date":"2024-06-03T08:30:32","date_gmt":"2024-06-03T08:30:32","guid":{"rendered":"https:\/\/usvl.sav.sk\/wp\/?p=8238"},"modified":"2024-06-04T11:31:14","modified_gmt":"2024-06-04T11:31:14","slug":"broadening-of-poetics-4-signs-of-culture-signs-of-nature-semiotics-and-poetics-in-relation-to-sustainable-development","status":"publish","type":"post","link":"https:\/\/usvl.sav.sk\/wp\/?p=8238","title":{"rendered":"Broadening of Poetics 4: Signs of Culture\/Signs of Nature. Semiotics and Poetics in Relation to Sustainable Development"},"content":{"rendered":"<p><strong><a href=\"https:\/\/usvl.sav.sk\/wp\/?attachment_id=8246\" rel=\"attachment wp-att-8246\"><img loading=\"lazy\" decoding=\"async\" class=\"size-medium wp-image-8246 alignleft\" src=\"https:\/\/usvl.sav.sk\/wp\/wp-content\/uploads\/Semiotics-300x225.jpg\" alt=\"\" width=\"300\" height=\"225\" srcset=\"https:\/\/usvl.sav.sk\/wp\/wp-content\/uploads\/Semiotics-300x225.jpg 300w, https:\/\/usvl.sav.sk\/wp\/wp-content\/uploads\/Semiotics-1024x768.jpg 1024w, https:\/\/usvl.sav.sk\/wp\/wp-content\/uploads\/Semiotics-768x576.jpg 768w, https:\/\/usvl.sav.sk\/wp\/wp-content\/uploads\/Semiotics.jpg 1200w\" sizes=\"auto, (max-width: 300px) 100vw, 300px\" \/><\/a><\/strong>Prihl\u00e1ste sa na medzin\u00e1rodn\u00fa vedeck\u00fa konferenciu &#8211; 4. z cyklu Broadening of Poetics. Navrhovan\u00e9 abstrakty pr\u00edspevkov (v rozsahu 500 \u2013 800 znakov) po\u0161lite na adresu <a href=\"mailto:znakinaturykultury@gmail.com\">znakinaturykultury@gmail.com<\/a> do <strong>30. j\u00fana 2024<\/strong>.<br \/>\nInform\u00e1ciu o prijat\u00ed v\u00e1\u0161ho abstraktu za\u0161leme do 10. j\u00fala 2024. Po tomto \u010dase poskytneme aj \u010fal\u0161ie organiza\u010dn\u00e9 inform\u00e1cie.<\/p>\n<p>&nbsp;<\/p>\n<p>Konferencia sa bude kona\u0165\u00a0 28. \u2013 29. okt\u00f3bra 2024 (pondelok a utorok) online prostredn\u00edctvom platformy Google Meet v angli\u010dtine, po\u013e\u0161tine a sloven\u010dine.<\/p>\n<p>V programe 4. konferencie z tohto cyklu kladieme do centra \u00favah ot\u00e1zku vz\u00e1jomn\u00fdch vz\u0165ahov medzi poetikou a semiotikou. P\u00fdtame sa na v\u00fdskumn\u00e9 perspekt\u00edvy ka\u017edej z nich, na kateg\u00f3rie vytvoren\u00e9 na ich z\u00e1klade, na ich potenci\u00e1l pri anal\u00fdze r\u00f4znych semiosf\u00e9r: pri \u010d\u00edtan\u00ed multisemiotickej komunik\u00e1cie, charakteristickej pre s\u00fa\u010dasn\u00fa kult\u00faru, intersemiotick\u00fdch a intermedi\u00e1lnych, transsemiotick\u00fdch a transmedi\u00e1lnych vz\u0165ahov. Navrhujeme reflektova\u0165 kateg\u00f3rie poetiky a semiotiky vo vz\u0165ahu k my\u0161lienke trvalo udr\u017eate\u013en\u00e9ho rozvoja, ktor\u00fa chceme reinterpretova\u0165 v \u0161irok\u00fdch s\u00favislostiach, p\u00fdtaj\u00fac sa na mo\u017en\u00e9 v\u00fdznamy tohto pojmu a na jeho mo\u017en\u00e9 aplik\u00e1cie v r\u00f4znych oblastiach. Poz\u00fdvame v\u00e1s zamyslie\u0165 sa nad smermi v\u00fdvoja poetiky a semiotiky, a to tak v oblasti \u0161t\u00fadia \u013eudsk\u00fdch, ako aj mimo\u013eudsk\u00fdch kult\u00far.<\/p>\n<p>Organiz\u00e1tori: <a href=\"https:\/\/ilp.uw.edu.pl\/struktura\/zaklad-komparatystyki-2\/\">Zak\u0142ad Komparatystyki oraz Pracownia Bada\u0144 Intersemiotycznych i Intermedialnych Instytutu Literatury Polskiej Wydzia\u0142u Polonistyki Uniwersytetu Warszawskiego \u00a0<\/a>a \u00dastav svetovej literat\u00fary SAV, v. v. i.<\/p>\n<p>Podrobn\u00e9 inform\u00e1cie o podujat\u00ed n\u00e1jdete <a href=\"https:\/\/usvl.sav.sk\/wp\/?attachment_id=8244\">TU<\/a>.<\/p>\n","protected":false},"excerpt":{"rendered":"<p>Prihl\u00e1ste sa na medzin\u00e1rodn\u00fa vedeck\u00fa konferenciu &#8211; 4. z cyklu Broadening of Poetics. Navrhovan\u00e9 abstrakty pr\u00edspevkov (v rozsahu 500 \u2013 800 znakov) po\u0161lite na adresu znakinaturykultury@gmail.com do 30. j\u00fana 2024. Inform\u00e1ciu o prijat\u00ed v\u00e1\u0161ho abstraktu za\u0161leme do 10. j\u00fala 2024. Po tomto \u010dase poskytneme aj \u010fal\u0161ie organiza\u010dn\u00e9 inform\u00e1cie. &nbsp; Konferencia sa bude kona\u0165\u00a0 28. \u2013 &hellip; <a href=\"https:\/\/usvl.sav.sk\/wp\/?p=8238\" class=\"more-link\">Pokra\u010dova\u0165 na <span class=\"screen-reader-text\">Broadening of Poetics 4: Signs of Culture\/Signs of Nature. Semiotics and Poetics in Relation to Sustainable Development<\/span> <span class=\"meta-nav\">&rarr;<\/span><\/a><\/p>\n","protected":false},"author":1,"featured_media":0,"comment_status":"closed","ping_status":"closed","sticky":false,"template":"","format":"standard","meta":{"footnotes":""},"categories":[30,11],"tags":[],"class_list":["post-8238","post","type-post","status-publish","format-standard","hentry","category-events-2","category-spravy"],"_links":{"self":[{"href":"https:\/\/usvl.sav.sk\/wp\/index.php?rest_route=\/wp\/v2\/posts\/8238","targetHints":{"allow":["GET"]}}],"collection":[{"href":"https:\/\/usvl.sav.sk\/wp\/index.php?rest_route=\/wp\/v2\/posts"}],"about":[{"href":"https:\/\/usvl.sav.sk\/wp\/index.php?rest_route=\/wp\/v2\/types\/post"}],"author":[{"embeddable":true,"href":"https:\/\/usvl.sav.sk\/wp\/index.php?rest_route=\/wp\/v2\/users\/1"}],"replies":[{"embeddable":true,"href":"https:\/\/usvl.sav.sk\/wp\/index.php?rest_route=%2Fwp%2Fv2%2Fcomments&post=8238"}],"version-history":[{"count":10,"href":"https:\/\/usvl.sav.sk\/wp\/index.php?rest_route=\/wp\/v2\/posts\/8238\/revisions"}],"predecessor-version":[{"id":8252,"href":"https:\/\/usvl.sav.sk\/wp\/index.php?rest_route=\/wp\/v2\/posts\/8238\/revisions\/8252"}],"wp:attachment":[{"href":"https:\/\/usvl.sav.sk\/wp\/index.php?rest_route=%2Fwp%2Fv2%2Fmedia&parent=8238"}],"wp:term":[{"taxonomy":"category","embeddable":true,"href":"https:\/\/usvl.sav.sk\/wp\/index.php?rest_route=%2Fwp%2Fv2%2Fcategories&post=8238"},{"taxonomy":"post_tag","embeddable":true,"href":"https:\/\/usvl.sav.sk\/wp\/index.php?rest_route=%2Fwp%2Fv2%2Ftags&post=8238"}],"curies":[{"name":"wp","href":"https:\/\/api.w.org\/{rel}","templated":true}]}}