{"id":8223,"date":"2024-05-29T16:41:40","date_gmt":"2024-05-29T16:41:40","guid":{"rendered":"https:\/\/usvl.sav.sk\/wp\/?p=8223"},"modified":"2024-05-29T19:06:20","modified_gmt":"2024-05-29T19:06:20","slug":"anna-fosse-phd-nacomijedoktorandskestudium","status":"publish","type":"post","link":"https:\/\/usvl.sav.sk\/wp\/?p=8223","title":{"rendered":"Anna Fosse, PhD.                                                                                                                                                                                                                                                                                                                 #nacomijedoktorandskestudium"},"content":{"rendered":"<p>\u00dastav svetovej literat\u00fary SAV, v. v. i., pon\u00faka \u0161tvorro\u010dn\u00e9\u00a0<a href=\"https:\/\/usvl.sav.sk\/wp\/?page_id=235\">intern\u00e9 doktorandsk\u00e9 \u0161t\u00fadium<\/a>\u00a0v \u0161tudijnom programe Liter\u00e1rna veda (viac inform\u00e1ci\u00ed\u00a0<a href=\"https:\/\/usvl.sav.sk\/wp\/?page_id=235\">TU<\/a>). P\u00f4sob\u00ed ako extern\u00e9 pracovisko FiFUK, prihl\u00e1\u0161ku na prij\u00edmacie sk\u00fa\u0161ky si m\u00f4\u017eete poda\u0165 do 31. m\u00e1ja.<\/p>\n<p>Na\u0161\u00edm \u00fastavom pre\u0161lo u\u017e ve\u013ea \u00faspe\u0161n\u00fdch doktorandiek a doktorandov, ktor\u00ed sa po obh\u00e1jen\u00ed dizerta\u010dnej pr\u00e1ce vydali r\u00f4znymi cestami. Sp\u00fdtali sme sa viacer\u00fdch v\u00fdrazn\u00fdch osobnost\u00ed kult\u00farneho \u010di univerzitn\u00e9ho \u017eivota spomedzi nich, na\u010do im bolo doktorandsk\u00e9 \u0161t\u00fadium z dne\u0161n\u00e9ho poh\u013eadu. Vynikaj\u00faca prekladate\u013eka a znalky\u0148a severskej literat\u00fary Anna Fosse z\u00edskala titul PhD. v roku 2017. \u0160kolite\u013eom dizerta\u010dnej pr\u00e1ce Tragika a trag\u00e9dia v s\u00fa\u010dasnej severskej dr\u00e1me bol germanista a \u0161kandinavista Milan \u017ditn\u00fd. Anna Fosse o svojej sk\u00fasenosti nap\u00edsala:<\/p>\n<blockquote><p>Doktorandsk\u00e9 \u0161t\u00fadium v \u00dastave svetovej literat\u00fary SAV pova\u017eujem za jedno z najprodukt\u00edvnej\u0161\u00edch obdob\u00ed svojho \u017eivota, o to viac, \u017ee som v \u00fastave za\u010dala p\u00f4sobi\u0165 vo f\u00e1ze takzvanej mladej dospelosti.<\/p><\/blockquote>\n<p><a href=\"https:\/\/usvl.sav.sk\/wp\/?attachment_id=8226\" rel=\"attachment wp-att-8226\"><img loading=\"lazy\" decoding=\"async\" class=\"wp-image-8226 aligncenter\" src=\"https:\/\/usvl.sav.sk\/wp\/wp-content\/uploads\/anna-fosse-241x300.jpg\" alt=\"\" width=\"315\" height=\"392\" srcset=\"https:\/\/usvl.sav.sk\/wp\/wp-content\/uploads\/anna-fosse-241x300.jpg 241w, https:\/\/usvl.sav.sk\/wp\/wp-content\/uploads\/anna-fosse-823x1024.jpg 823w, https:\/\/usvl.sav.sk\/wp\/wp-content\/uploads\/anna-fosse-768x956.jpg 768w, https:\/\/usvl.sav.sk\/wp\/wp-content\/uploads\/anna-fosse-1234x1536.jpg 1234w, https:\/\/usvl.sav.sk\/wp\/wp-content\/uploads\/anna-fosse-1645x2048.jpg 1645w\" sizes=\"auto, (max-width: 315px) 100vw, 315px\" \/><\/a><\/p>\n<p>V\u010fa\u010d\u00edm za to nielen mo\u017enosti slobodne pracova\u0165 na ob\u013e\u00fabenej t\u00e9me v podnetnom prostred\u00ed, pod ve\u013ekorys\u00fdm dozorom skuto\u010dnej kapacity, doc. Milana \u017ditn\u00e9ho, <!--more-->s podporou vtedaj\u0161ieho vedenia, najm\u00e4 prof. Adama B\u017eocha, ktor\u00fd ma ve\u013emi ovplyvnil nielen ako intelektu\u00e1l, ale aj ako \u010dlovek, ktor\u00fd intelektu\u00e1lne obsahy vedel prenies\u0165 aj na tie \u017eivotn\u00e9. Rovnako tak bolo obohacuj\u00face hoc aj letmo stretn\u00fa\u0165 in\u00fdch, ktor\u00ed dok\u00e1zali sprostredkova\u0165 zapam\u00e4tate\u013en\u00e9 intelektu\u00e1lne impulzy, v niektor\u00fdch vz\u00e1cnych pr\u00edpadoch na cel\u00fd \u017eivot. V s\u00fa\u010dasnosti sa venujem najm\u00e4 prekladom severskej dr\u00e1my, ktor\u00e1 bola t\u00e9mou mojej dizerta\u010dnej pr\u00e1ce.<\/p>\n<p>Pre\u010d\u00edtajte si napr\u00edklad rozhovory s Annou Fosse z roku 2023 v <a href=\"https:\/\/dennikn.sk\/minuta\/3700831\/\">Denn\u00edku N <\/a>alebo v <a href=\"https:\/\/www.litcentrum.sk\/rozhovor\/pre-nobelovu-cenu-nechceme-menit-nic\">Kni\u017enej revue<\/a>.<\/p>\n<p>&nbsp;<\/p>\n","protected":false},"excerpt":{"rendered":"<p>\u00dastav svetovej literat\u00fary SAV, v. v. i., pon\u00faka \u0161tvorro\u010dn\u00e9\u00a0intern\u00e9 doktorandsk\u00e9 \u0161t\u00fadium\u00a0v \u0161tudijnom programe Liter\u00e1rna veda (viac inform\u00e1ci\u00ed\u00a0TU). P\u00f4sob\u00ed ako extern\u00e9 pracovisko FiFUK, prihl\u00e1\u0161ku na prij\u00edmacie sk\u00fa\u0161ky si m\u00f4\u017eete poda\u0165 do 31. m\u00e1ja. Na\u0161\u00edm \u00fastavom pre\u0161lo u\u017e ve\u013ea \u00faspe\u0161n\u00fdch doktorandiek a doktorandov, ktor\u00ed sa po obh\u00e1jen\u00ed dizerta\u010dnej pr\u00e1ce vydali r\u00f4znymi cestami. Sp\u00fdtali sme sa viacer\u00fdch v\u00fdrazn\u00fdch &hellip; <a href=\"https:\/\/usvl.sav.sk\/wp\/?p=8223\" class=\"more-link\">Pokra\u010dova\u0165 na <span class=\"screen-reader-text\">Anna Fosse, PhD.                                                                                                                                                                                                                                                                                                                 #nacomijedoktorandskestudium<\/span> <span class=\"meta-nav\">&rarr;<\/span><\/a><\/p>\n","protected":false},"author":1,"featured_media":0,"comment_status":"closed","ping_status":"closed","sticky":false,"template":"","format":"standard","meta":{"footnotes":""},"categories":[26],"tags":[],"class_list":["post-8223","post","type-post","status-publish","format-standard","hentry","category-phd-studium"],"_links":{"self":[{"href":"https:\/\/usvl.sav.sk\/wp\/index.php?rest_route=\/wp\/v2\/posts\/8223","targetHints":{"allow":["GET"]}}],"collection":[{"href":"https:\/\/usvl.sav.sk\/wp\/index.php?rest_route=\/wp\/v2\/posts"}],"about":[{"href":"https:\/\/usvl.sav.sk\/wp\/index.php?rest_route=\/wp\/v2\/types\/post"}],"author":[{"embeddable":true,"href":"https:\/\/usvl.sav.sk\/wp\/index.php?rest_route=\/wp\/v2\/users\/1"}],"replies":[{"embeddable":true,"href":"https:\/\/usvl.sav.sk\/wp\/index.php?rest_route=%2Fwp%2Fv2%2Fcomments&post=8223"}],"version-history":[{"count":6,"href":"https:\/\/usvl.sav.sk\/wp\/index.php?rest_route=\/wp\/v2\/posts\/8223\/revisions"}],"predecessor-version":[{"id":8230,"href":"https:\/\/usvl.sav.sk\/wp\/index.php?rest_route=\/wp\/v2\/posts\/8223\/revisions\/8230"}],"wp:attachment":[{"href":"https:\/\/usvl.sav.sk\/wp\/index.php?rest_route=%2Fwp%2Fv2%2Fmedia&parent=8223"}],"wp:term":[{"taxonomy":"category","embeddable":true,"href":"https:\/\/usvl.sav.sk\/wp\/index.php?rest_route=%2Fwp%2Fv2%2Fcategories&post=8223"},{"taxonomy":"post_tag","embeddable":true,"href":"https:\/\/usvl.sav.sk\/wp\/index.php?rest_route=%2Fwp%2Fv2%2Ftags&post=8223"}],"curies":[{"name":"wp","href":"https:\/\/api.w.org\/{rel}","templated":true}]}}