{"id":7688,"date":"2024-02-21T13:45:43","date_gmt":"2024-02-21T13:45:43","guid":{"rendered":"https:\/\/usvl.sav.sk\/wp\/?p=7688"},"modified":"2024-02-21T13:44:28","modified_gmt":"2024-02-21T13:44:28","slug":"magdolna-balogh-komparatistika-v-madarsku-vcera-a-dnes-osobnosti-koncepcie-dielne","status":"publish","type":"post","link":"https:\/\/usvl.sav.sk\/wp\/?p=7688","title":{"rendered":"Magdolna Balogh: Komparatistika v Ma\u010farsku v\u010dera a dnes"},"content":{"rendered":"<p><a href=\"https:\/\/usvl.sav.sk\/wp\/?attachment_id=7689\" rel=\"attachment wp-att-7689\"><img loading=\"lazy\" decoding=\"async\" class=\"alignleft size-full wp-image-7689\" src=\"https:\/\/usvl.sav.sk\/wp\/wp-content\/uploads\/Magdolna_Balogh.jpg\" alt=\"\" width=\"183\" height=\"275\" \/><\/a>Hos\u0165ovsk\u00e1 predn\u00e1\u0161ka<br \/>\n<strong>Komparatistika v Ma\u010farsku v\u010dera a dnes: osobnosti, koncepcie, dielne<\/strong><\/p>\n<p><strong>Magdolna Balogh<br \/>\n<\/strong>(Institute for Literary Studies, Research Centre for the Humanities, Budapest)<\/p>\n<p><strong>28. febru\u00e1r 2024 (streda) o 10.00 hod.<\/strong><br \/>\n\u00dastav svetovej literat\u00fary SAV, v. v. i., zasadacia miestnos\u0165 + online<\/p>\n<p>&nbsp;<\/p>\n<p><strong>Link na pripojenie cez Zoom<\/strong><br \/>\n<a href=\"https:\/\/us06web.zoom.us\/j\/88113813275?pwd=jT7Y2waSQJeOHdkh7cxgRSlB1Xi0lS.1\">https:\/\/us06web.zoom.us\/j\/88113813275?pwd=jT7Y2waSQJeOHdkh7cxgRSlB1Xi0lS.1<\/a><br \/>\nMeeting ID: 881 1381 3275<br \/>\nPasscode: 406252<\/p>\n<p>Predn\u00e1\u0161ka pon\u00fakne mo\u017enos\u0165 n\u00e1h\u013eadu do minulosti a s\u00fa\u010dasnosti ma\u010farskej komparatistiky, ktorej za\u010diatky siahaj\u00fa do 19. storo\u010dia.\u00a0 Predstav\u00ed vedeck\u00e9 osobnosti, ktor\u00fdch podnety zna\u010dne ovplyvnili \u010fal\u0161\u00ed v\u00fdvoj discipl\u00edny, ako aj najd\u00f4le\u017eitej\u0161ie vedeck\u00e9 \u0161koly porovn\u00e1vacieho v\u00fdskumu v Ma\u010farsku. Vzh\u013eadom na to, \u017ee sa smerovanie a metodol\u00f3gia v\u00fdskumu formovali s\u00fabe\u017ene v ma\u010farskej a zahrani\u010dnej liter\u00e1rnej komparatistike, je zauj\u00edmav\u00e9, \u017ee v istom oh\u013eade to boli pr\u00e1ve ma\u010farsk\u00ed liter\u00e1rni vedci, ktor\u00ed v zna\u010dnej miere ovplyvnili metodol\u00f3giu p\u00edsania porovn\u00e1vac\u00edch dej\u00edn eur\u00f3pskych literat\u00far (AILC\/ICLA). <!--more-->Predn\u00e1\u0161ka tie\u017e predstav\u00ed najd\u00f4le\u017eitej\u0161ie v\u00fdstupy ma\u010farskej komparatistiky (kni\u017en\u00e9 ed\u00edcie, periodik\u00e1) a zameria sa na v\u00fdzvy, ktor\u00fdm dnes v Ma\u010farsku porovn\u00e1vac\u00ed v\u00fdskum \u010del\u00ed.<\/p>\n<p>Magdolna Balogh je liter\u00e1rna vedky\u0148a, ktor\u00e1 sa zaober\u00e1 stredoeur\u00f3pskou komparatistikou. S\u00fastre\u010fuje sa na kult\u00farne, ideov\u00e9 a liter\u00e1rne dejiny strednej a v\u00fdchodnej Eur\u00f3py v dvadsiatom a dvadsiatom prvom storo\u010d\u00ed. Je autorkou monografi\u00ed o literat\u00fare katastrofizmu v strednej a v\u00fdchodnej Eur\u00f3pe (<em>Ki\u00fattalan utakon. A katasztrofizmus irodalma K\u00f6z\u00e9p-\u00e9s Kelet-Eur\u00f3p\u00e1ban<\/em>, Balassi Kiad\u00f3, Budapest, 1993) a s\u00faborov \u0161t\u00fadii s n\u00e1zvom\u00a0 <em>Rabul ejtett \u00e9rtelmek<\/em>\u00a0 (Zotro\u010den\u00e9 mysle, Balassi Kiad\u00f3, Budapest, 2017). Okrem in\u00e9ho je aj spoluautorkou a redaktorkou zborn\u00edkov <em>V\u00e1laszt\u00e1sok \u00e9s k\u00e9nyszerek. Zsid\u00f3 \u00f6nk\u00e9p \u00e9s k\u00f6z\u00f6ss\u00e9gtudat K\u00f6z\u00e9p-Eur\u00f3p\u00e1ban<\/em> (Vo\u013eby a nutnosti. Sebazobrazovanie a komunitn\u00e9 vedomie \u017eidovstva v strednej Eur\u00f3pe, reciti, Budapest, 2015<em>);<\/em> <em>Szomsz\u00e9dok a kirakatban: A szlov\u00e1k irodalom recepci\u00f3ja Magyarorsz\u00e1gon 1990 ut\u00e1n <\/em>(Susedia vo v\u00fdklade. Recepcia slovenskej literat\u00fary v Mad\u2019arsku po roku 1990, reciti, Budapest, 2018). Prelo\u017eila knihy Adama B\u017eocha <em>Psychoanal\u00fdza na perif\u00e9rii<\/em>\u00a0 (<em>Pszichoanal\u00edzis a perif\u00e9ri\u00e1n<\/em>,<em>\u00a0<\/em>Budapest, Typotex 2016), Jozefa Tancera <em>Rozviazan\u00e9 jazyky. Ako sme hovorili v starej Bratislave\u00a0 <\/em>(<em>A soknyelv\u0171 Pozsony nyom\u00e1ban. Besz\u00e9lget\u00e9sek a r\u00e9gi v\u00e1ros lak\u00f3ival<\/em>, Budapest, L\u00e1bnyom Kiad\u00f3 2022 Zelen\u00fd Koc\u00far, \u0160amor\u00edn, 2022). Pravidelne sa venuje aj odborn\u00fdm prekladom. Prelo\u017eila \u0161t\u00fadie a \u010dl\u00e1nky renomovan\u00fdch reprezentantov slovenskej liter\u00e1rnej vedy (R\u00f3berta G\u00e1frika, Radoslava Passiu, Ivany Taranenkovej, Petra Zajaca).<\/p>\n","protected":false},"excerpt":{"rendered":"<p>Hos\u0165ovsk\u00e1 predn\u00e1\u0161ka Komparatistika v Ma\u010farsku v\u010dera a dnes: osobnosti, koncepcie, dielne Magdolna Balogh (Institute for Literary Studies, Research Centre for the Humanities, Budapest) 28. febru\u00e1r 2024 (streda) o 10.00 hod. \u00dastav svetovej literat\u00fary SAV, v. v. i., zasadacia miestnos\u0165 + online &nbsp; Link na pripojenie cez Zoom https:\/\/us06web.zoom.us\/j\/88113813275?pwd=jT7Y2waSQJeOHdkh7cxgRSlB1Xi0lS.1 Meeting ID: 881 1381 3275 Passcode: 406252 &hellip; <a href=\"https:\/\/usvl.sav.sk\/wp\/?p=7688\" class=\"more-link\">Pokra\u010dova\u0165 na <span class=\"screen-reader-text\">Magdolna Balogh: Komparatistika v Ma\u010farsku v\u010dera a dnes<\/span> <span class=\"meta-nav\">&rarr;<\/span><\/a><\/p>\n","protected":false},"author":1,"featured_media":0,"comment_status":"closed","ping_status":"closed","sticky":false,"template":"","format":"standard","meta":{"footnotes":""},"categories":[10],"tags":[],"class_list":["post-7688","post","type-post","status-publish","format-standard","hentry","category-pozvanky"],"_links":{"self":[{"href":"https:\/\/usvl.sav.sk\/wp\/index.php?rest_route=\/wp\/v2\/posts\/7688","targetHints":{"allow":["GET"]}}],"collection":[{"href":"https:\/\/usvl.sav.sk\/wp\/index.php?rest_route=\/wp\/v2\/posts"}],"about":[{"href":"https:\/\/usvl.sav.sk\/wp\/index.php?rest_route=\/wp\/v2\/types\/post"}],"author":[{"embeddable":true,"href":"https:\/\/usvl.sav.sk\/wp\/index.php?rest_route=\/wp\/v2\/users\/1"}],"replies":[{"embeddable":true,"href":"https:\/\/usvl.sav.sk\/wp\/index.php?rest_route=%2Fwp%2Fv2%2Fcomments&post=7688"}],"version-history":[{"count":11,"href":"https:\/\/usvl.sav.sk\/wp\/index.php?rest_route=\/wp\/v2\/posts\/7688\/revisions"}],"predecessor-version":[{"id":7753,"href":"https:\/\/usvl.sav.sk\/wp\/index.php?rest_route=\/wp\/v2\/posts\/7688\/revisions\/7753"}],"wp:attachment":[{"href":"https:\/\/usvl.sav.sk\/wp\/index.php?rest_route=%2Fwp%2Fv2%2Fmedia&parent=7688"}],"wp:term":[{"taxonomy":"category","embeddable":true,"href":"https:\/\/usvl.sav.sk\/wp\/index.php?rest_route=%2Fwp%2Fv2%2Fcategories&post=7688"},{"taxonomy":"post_tag","embeddable":true,"href":"https:\/\/usvl.sav.sk\/wp\/index.php?rest_route=%2Fwp%2Fv2%2Ftags&post=7688"}],"curies":[{"name":"wp","href":"https:\/\/api.w.org\/{rel}","templated":true}]}}