{"id":7505,"date":"2023-12-22T21:12:03","date_gmt":"2023-12-22T21:12:03","guid":{"rendered":"https:\/\/usvl.sav.sk\/wp\/?p=7505"},"modified":"2023-12-23T21:12:21","modified_gmt":"2023-12-23T21:12:21","slug":"7505","status":"publish","type":"post","link":"https:\/\/usvl.sav.sk\/wp\/?p=7505","title":{"rendered":""},"content":{"rendered":"<p>PRAHA 21. 12. 2023<\/p>\n<p>\u00daprimn\u00fa s\u00fastras\u0165 bl\u00edzkym obet\u00ed, silu zranen\u00fdm aj cel\u00e9mu spolo\u010denstvu, ktor\u00e9 n\u00e1silie bolestne zasiahlo.<br \/>\n<img loading=\"lazy\" decoding=\"async\" class=\"alignleft size-large wp-image-7506\" src=\"https:\/\/usvl.sav.sk\/wp\/wp-content\/uploads\/Ceska-Republika-vyhlasila-na-23.-december-2023-statny-smutok-1024x576.webp\" alt=\"\" width=\"604\" height=\"340\" srcset=\"https:\/\/usvl.sav.sk\/wp\/wp-content\/uploads\/Ceska-Republika-vyhlasila-na-23.-december-2023-statny-smutok-1024x576.webp 1024w, https:\/\/usvl.sav.sk\/wp\/wp-content\/uploads\/Ceska-Republika-vyhlasila-na-23.-december-2023-statny-smutok-300x169.webp 300w, https:\/\/usvl.sav.sk\/wp\/wp-content\/uploads\/Ceska-Republika-vyhlasila-na-23.-december-2023-statny-smutok-768x432.webp 768w, https:\/\/usvl.sav.sk\/wp\/wp-content\/uploads\/Ceska-Republika-vyhlasila-na-23.-december-2023-statny-smutok.webp 1200w\" sizes=\"auto, (max-width: 604px) 100vw, 604px\" \/><\/p>\n","protected":false},"excerpt":{"rendered":"<p>PRAHA 21. 12. 2023 \u00daprimn\u00fa s\u00fastras\u0165 bl\u00edzkym obet\u00ed, silu zranen\u00fdm aj cel\u00e9mu spolo\u010denstvu, ktor\u00e9 n\u00e1silie bolestne zasiahlo.<\/p>\n","protected":false},"author":1,"featured_media":0,"comment_status":"closed","ping_status":"closed","sticky":false,"template":"","format":"image","meta":{"footnotes":""},"categories":[1],"tags":[],"class_list":["post-7505","post","type-post","status-publish","format-image","hentry","category-rozne","post_format-post-format-image"],"_links":{"self":[{"href":"https:\/\/usvl.sav.sk\/wp\/index.php?rest_route=\/wp\/v2\/posts\/7505","targetHints":{"allow":["GET"]}}],"collection":[{"href":"https:\/\/usvl.sav.sk\/wp\/index.php?rest_route=\/wp\/v2\/posts"}],"about":[{"href":"https:\/\/usvl.sav.sk\/wp\/index.php?rest_route=\/wp\/v2\/types\/post"}],"author":[{"embeddable":true,"href":"https:\/\/usvl.sav.sk\/wp\/index.php?rest_route=\/wp\/v2\/users\/1"}],"replies":[{"embeddable":true,"href":"https:\/\/usvl.sav.sk\/wp\/index.php?rest_route=%2Fwp%2Fv2%2Fcomments&post=7505"}],"version-history":[{"count":1,"href":"https:\/\/usvl.sav.sk\/wp\/index.php?rest_route=\/wp\/v2\/posts\/7505\/revisions"}],"predecessor-version":[{"id":7507,"href":"https:\/\/usvl.sav.sk\/wp\/index.php?rest_route=\/wp\/v2\/posts\/7505\/revisions\/7507"}],"wp:attachment":[{"href":"https:\/\/usvl.sav.sk\/wp\/index.php?rest_route=%2Fwp%2Fv2%2Fmedia&parent=7505"}],"wp:term":[{"taxonomy":"category","embeddable":true,"href":"https:\/\/usvl.sav.sk\/wp\/index.php?rest_route=%2Fwp%2Fv2%2Fcategories&post=7505"},{"taxonomy":"post_tag","embeddable":true,"href":"https:\/\/usvl.sav.sk\/wp\/index.php?rest_route=%2Fwp%2Fv2%2Ftags&post=7505"}],"curies":[{"name":"wp","href":"https:\/\/api.w.org\/{rel}","templated":true}]}}