{"id":7419,"date":"2023-12-12T14:25:44","date_gmt":"2023-12-12T14:25:44","guid":{"rendered":"https:\/\/usvl.sav.sk\/wp\/?p=7419"},"modified":"2023-12-12T14:25:44","modified_gmt":"2023-12-12T14:25:44","slug":"terezia-struharova-phd-nacomijedoktorandskestudium","status":"publish","type":"post","link":"https:\/\/usvl.sav.sk\/wp\/?p=7419","title":{"rendered":"Ter\u00e9zia Struh\u00e1rov\u00e1, PhD.                                                                                                            #nacomijedoktorandskestudium"},"content":{"rendered":"<p>\u00dastav svetovej literat\u00fary SAV, v. v. i., pon\u00faka \u0161tvorro\u010dn\u00e9\u00a0<a href=\"https:\/\/usvl.sav.sk\/wp\/?page_id=235\">intern\u00e9 doktorandsk\u00e9 \u0161t\u00fadium<\/a>\u00a0v \u0161tudijnom programe Liter\u00e1rna veda (viac inform\u00e1ci\u00ed\u00a0<a href=\"https:\/\/usvl.sav.sk\/wp\/?page_id=235\">TU<\/a>). E\u0161te do 10. janu\u00e1ra s nami m\u00f4\u017eete konzultova\u0165 <a href=\"https:\/\/usvl.sav.sk\/wp\/?page_id=235\" target=\"_blank\" rel=\"noopener\">vlastn\u00fd n\u00e1vrh<\/a> na t\u00e9mu dizerta\u010dnej pr\u00e1ce. Na\u0161\u00edm \u00fastavom pre\u0161lo u\u017e ve\u013ea \u00faspe\u0161n\u00fdch doktorandiek a doktorandov, ktor\u00ed sa vydali r\u00f4znymi cestami. Aj Ter\u00e9zia Struh\u00e1rov\u00e1 n\u00e1m odpovedala na ot\u00e1zku, na\u010do jej bolo doktorandsk\u00e9 \u0161t\u00fadium.<\/p>\n<blockquote><p><span style=\"font-size: 24px;\">Doktorandsk\u00e9 \u0161t\u00fadium je aj o \u013eu\u010foch. \u010eakujem za to, \u017ee som mala mo\u017enos\u0165 u\u010di\u0165 sa od svojich kolegov a koleg\u00fd\u0148 v \u00fastave. \u00a0<\/span><span style=\"font-size: 24px;\">A doktorandsk\u00e9 \u0161t\u00fadium je aj o pr\u00edle\u017eitosti, preto\u017ee sa stalo odrazov\u00fdm most\u00edkom pre moje \u010fal\u0161ie akademick\u00e9 p\u00f4sobenie.<\/span><\/p><\/blockquote>\n<p><a href=\"https:\/\/usvl.sav.sk\/wp\/?attachment_id=7420\" rel=\"attachment wp-att-7420\"><img loading=\"lazy\" decoding=\"async\" class=\"wp-image-7420 aligncenter\" src=\"https:\/\/usvl.sav.sk\/wp\/wp-content\/uploads\/struharova.jpg\" alt=\"\" width=\"403\" height=\"461\" srcset=\"https:\/\/usvl.sav.sk\/wp\/wp-content\/uploads\/struharova.jpg 512w, https:\/\/usvl.sav.sk\/wp\/wp-content\/uploads\/struharova-263x300.jpg 263w\" sizes=\"auto, (max-width: 403px) 100vw, 403px\" \/><\/a><\/p>\n<p>Po\u010das svojho doktorandsk\u00e9ho \u0161t\u00fadia, ktor\u00e9 som absolvovala v\u00a0rokoch 2010-2014, som sa venovala sk\u00famaniu obraznosti v po\u00e9zii\u00a0slovenskej a\u00a0nemeckej jazykovej oblasti. <!--more-->T\u00e9ma dizerta\u010dnej pr\u00e1ce <em>Dimenzie modernej metafory<\/em> zah\u0155\u0148ala jednak teoretick\u00e9 vymedzenie problematiky obraznosti v slovenskej a nemeckej liter\u00e1rnej vede, a jednak pon\u00fakala mo\u017enos\u0165 analyticky a interpreta\u010dne reflektova\u0165 prvky obraznosti v po\u00e9zii konkr\u00e9tnych b\u00e1snikov (v pr\u00edpade mojej pr\u00e1ce vo vybran\u00fdch b\u00e1s\u0148ach J\u00e1na Ondru\u0161a a Paula Celana). Za vedenie a zotrvanie pri prec\u00edznom a odbornom p\u00edsan\u00ed svojej\u00a0 pr\u00e1ce som v\u010fa\u010dn\u00e1 svojmu \u0161kolite\u013eovi, prof. J\u00e1novi Zamborovi, ktor\u00fd v \u010dase m\u00f4jho \u0161t\u00fadia p\u00f4sobil v \u00dastave svetovej literat\u00fary SAV ako samostatn\u00fd vedeck\u00fd pracovn\u00edk.<\/p>\n<p>Moje doktorandsk\u00e9 roky v \u00fastave boli v\u00fdnimo\u010dn\u00fdm obdob\u00edm, po\u010das ktor\u00e9ho som mala mo\u017enos\u0165 na\u010drie\u0165 do prame\u0148a vedomost\u00ed, sk\u00fasenost\u00ed a poznania. A to nielen svedomitou \u0161tvorro\u010dnou pr\u00edpravou na obhajobu vlastnej vedeckej pr\u00e1ce, ale tie\u017e bohat\u00fdm vzdel\u00e1vac\u00edm programom, ktor\u00fd doktorandsk\u00e9 \u0161t\u00fadium zah\u0155\u0148a. \u010ci u\u017e to boli r\u00f4zne doktorandsk\u00e9 konferencie, semin\u00e1re alebo predn\u00e1\u0161kov\u00e9 stretnutia vedeck\u00fdch pracovn\u00edkov \u00fastavu a ich host\u00ed (\u010dastokr\u00e1t na medzin\u00e1rodnej \u00farovni), \u00a0jednozna\u010dne ma obohatili a posunuli vo vn\u00edman\u00ed cel\u00e9ho procesu liter\u00e1rnovednej aktivity. Doktorandsk\u00e9 \u0161t\u00fadium je aj o \u013eu\u010foch. \u010eakujem za to, \u017ee som mala mo\u017enos\u0165 u\u010di\u0165 sa od svojich kolegov v \u00fastave.<\/p>\n<p>A doktorandsk\u00e9 \u0161t\u00fadium je aj o pr\u00edle\u017eitosti, preto\u017ee sa stalo odrazov\u00fdm most\u00edkom pre moje \u010fal\u0161ie akademick\u00e9 p\u00f4sobenie. T\u00fdm teraj\u0161\u00edm je Katedra nemeck\u00e9ho jazyka a literat\u00fary na Pedagogickej fakulte Trnavskej univerzity, kde vyu\u010dujem kurzy nemeckej literat\u00fary.<\/p>\n","protected":false},"excerpt":{"rendered":"<p>\u00dastav svetovej literat\u00fary SAV, v. v. i., pon\u00faka \u0161tvorro\u010dn\u00e9\u00a0intern\u00e9 doktorandsk\u00e9 \u0161t\u00fadium\u00a0v \u0161tudijnom programe Liter\u00e1rna veda (viac inform\u00e1ci\u00ed\u00a0TU). E\u0161te do 10. janu\u00e1ra s nami m\u00f4\u017eete konzultova\u0165 vlastn\u00fd n\u00e1vrh na t\u00e9mu dizerta\u010dnej pr\u00e1ce. Na\u0161\u00edm \u00fastavom pre\u0161lo u\u017e ve\u013ea \u00faspe\u0161n\u00fdch doktorandiek a doktorandov, ktor\u00ed sa vydali r\u00f4znymi cestami. Aj Ter\u00e9zia Struh\u00e1rov\u00e1 n\u00e1m odpovedala na ot\u00e1zku, na\u010do jej bolo &hellip; <a href=\"https:\/\/usvl.sav.sk\/wp\/?p=7419\" class=\"more-link\">Pokra\u010dova\u0165 na <span class=\"screen-reader-text\">Ter\u00e9zia Struh\u00e1rov\u00e1, PhD.                                                                                                            #nacomijedoktorandskestudium<\/span> <span class=\"meta-nav\">&rarr;<\/span><\/a><\/p>\n","protected":false},"author":1,"featured_media":0,"comment_status":"closed","ping_status":"closed","sticky":false,"template":"","format":"standard","meta":{"footnotes":""},"categories":[26,1],"tags":[],"class_list":["post-7419","post","type-post","status-publish","format-standard","hentry","category-phd-studium","category-rozne"],"_links":{"self":[{"href":"https:\/\/usvl.sav.sk\/wp\/index.php?rest_route=\/wp\/v2\/posts\/7419","targetHints":{"allow":["GET"]}}],"collection":[{"href":"https:\/\/usvl.sav.sk\/wp\/index.php?rest_route=\/wp\/v2\/posts"}],"about":[{"href":"https:\/\/usvl.sav.sk\/wp\/index.php?rest_route=\/wp\/v2\/types\/post"}],"author":[{"embeddable":true,"href":"https:\/\/usvl.sav.sk\/wp\/index.php?rest_route=\/wp\/v2\/users\/1"}],"replies":[{"embeddable":true,"href":"https:\/\/usvl.sav.sk\/wp\/index.php?rest_route=%2Fwp%2Fv2%2Fcomments&post=7419"}],"version-history":[{"count":1,"href":"https:\/\/usvl.sav.sk\/wp\/index.php?rest_route=\/wp\/v2\/posts\/7419\/revisions"}],"predecessor-version":[{"id":7421,"href":"https:\/\/usvl.sav.sk\/wp\/index.php?rest_route=\/wp\/v2\/posts\/7419\/revisions\/7421"}],"wp:attachment":[{"href":"https:\/\/usvl.sav.sk\/wp\/index.php?rest_route=%2Fwp%2Fv2%2Fmedia&parent=7419"}],"wp:term":[{"taxonomy":"category","embeddable":true,"href":"https:\/\/usvl.sav.sk\/wp\/index.php?rest_route=%2Fwp%2Fv2%2Fcategories&post=7419"},{"taxonomy":"post_tag","embeddable":true,"href":"https:\/\/usvl.sav.sk\/wp\/index.php?rest_route=%2Fwp%2Fv2%2Ftags&post=7419"}],"curies":[{"name":"wp","href":"https:\/\/api.w.org\/{rel}","templated":true}]}}