{"id":7238,"date":"2023-11-08T12:44:42","date_gmt":"2023-11-08T12:44:42","guid":{"rendered":"https:\/\/usvl.sav.sk\/wp\/?p=7238"},"modified":"2023-11-10T13:11:44","modified_gmt":"2023-11-10T13:11:44","slug":"dakujeme-pani-riaditelke-judit-gorozdi-a-drzime-palce-pan-riaditel-robert-gafrik","status":"publish","type":"post","link":"https:\/\/usvl.sav.sk\/wp\/?p=7238","title":{"rendered":"\u010eakujeme, pani riadite\u013eka. Dr\u017e\u00edme palce, p\u00e1n riadite\u013e"},"content":{"rendered":"<p>T\u00e1to fotografia vznikla v novembri 2019, ke\u010f po dlhoro\u010dnom riadite\u013eovi \u00fastavu prof. Adamovi B\u017eochovi, ktor\u00fd podnietil ve\u013ek\u00fd posun \u00fastavu vo viacer\u00fdch oblastiach, pri\u010dom spolupracoval so svojimi nasledovn\u00edkmi, sa vedenia \u00fastavu ujala Dr. Judit G\u00f6r\u00f6zdi.\u00a0 Fotografia je symbolick\u00e1 pre partnersk\u00fa spolupr\u00e1cu riadite\u013eky s jej z\u00e1stupcom doc. R\u00f3bertom G\u00e1frikom, ktor\u00e1 pretrvala cel\u00e9 \u0161tyri roky. \u010eakujeme v\u00e1m. A \u010fakujeme, Judit G\u00f6r\u00f6zdi, za pr\u00e1cu pre \u00fastav a n\u00e1s v\u0161etk\u00fdch.<\/p>\n<p>Od 1. novembra 2023 sa riadite\u013eom stal doc. R\u00f3bert G\u00e1frik a jeho z\u00e1stupcom Dr. Roman Mikul\u00e1\u0161.\u00a0 Ost\u00e1va len za\u017eela\u0165, nech sa im v nov\u00fdch poz\u00edci\u00e1ch dar\u00ed.<\/p>\n<p>&nbsp;<\/p>\n","protected":false},"excerpt":{"rendered":"<p>T\u00e1to fotografia vznikla v novembri 2019, ke\u010f po dlhoro\u010dnom riadite\u013eovi \u00fastavu prof. Adamovi B\u017eochovi, ktor\u00fd podnietil ve\u013ek\u00fd posun \u00fastavu vo viacer\u00fdch oblastiach, pri\u010dom spolupracoval so svojimi nasledovn\u00edkmi, sa vedenia \u00fastavu ujala Dr. Judit G\u00f6r\u00f6zdi.\u00a0 Fotografia je symbolick\u00e1 pre partnersk\u00fa spolupr\u00e1cu riadite\u013eky s jej z\u00e1stupcom doc. R\u00f3bertom G\u00e1frikom, ktor\u00e1 pretrvala cel\u00e9 \u0161tyri roky. \u010eakujeme v\u00e1m. A &hellip; <a href=\"https:\/\/usvl.sav.sk\/wp\/?p=7238\" class=\"more-link\">Pokra\u010dova\u0165 na <span class=\"screen-reader-text\">\u010eakujeme, pani riadite\u013eka. Dr\u017e\u00edme palce, p\u00e1n riadite\u013e<\/span> <span class=\"meta-nav\">&rarr;<\/span><\/a><\/p>\n","protected":false},"author":1,"featured_media":7239,"comment_status":"closed","ping_status":"closed","sticky":false,"template":"","format":"standard","meta":{"footnotes":""},"categories":[11,1],"tags":[],"class_list":["post-7238","post","type-post","status-publish","format-standard","has-post-thumbnail","hentry","category-spravy","category-rozne"],"_links":{"self":[{"href":"https:\/\/usvl.sav.sk\/wp\/index.php?rest_route=\/wp\/v2\/posts\/7238","targetHints":{"allow":["GET"]}}],"collection":[{"href":"https:\/\/usvl.sav.sk\/wp\/index.php?rest_route=\/wp\/v2\/posts"}],"about":[{"href":"https:\/\/usvl.sav.sk\/wp\/index.php?rest_route=\/wp\/v2\/types\/post"}],"author":[{"embeddable":true,"href":"https:\/\/usvl.sav.sk\/wp\/index.php?rest_route=\/wp\/v2\/users\/1"}],"replies":[{"embeddable":true,"href":"https:\/\/usvl.sav.sk\/wp\/index.php?rest_route=%2Fwp%2Fv2%2Fcomments&post=7238"}],"version-history":[{"count":7,"href":"https:\/\/usvl.sav.sk\/wp\/index.php?rest_route=\/wp\/v2\/posts\/7238\/revisions"}],"predecessor-version":[{"id":7246,"href":"https:\/\/usvl.sav.sk\/wp\/index.php?rest_route=\/wp\/v2\/posts\/7238\/revisions\/7246"}],"wp:featuredmedia":[{"embeddable":true,"href":"https:\/\/usvl.sav.sk\/wp\/index.php?rest_route=\/wp\/v2\/media\/7239"}],"wp:attachment":[{"href":"https:\/\/usvl.sav.sk\/wp\/index.php?rest_route=%2Fwp%2Fv2%2Fmedia&parent=7238"}],"wp:term":[{"taxonomy":"category","embeddable":true,"href":"https:\/\/usvl.sav.sk\/wp\/index.php?rest_route=%2Fwp%2Fv2%2Fcategories&post=7238"},{"taxonomy":"post_tag","embeddable":true,"href":"https:\/\/usvl.sav.sk\/wp\/index.php?rest_route=%2Fwp%2Fv2%2Ftags&post=7238"}],"curies":[{"name":"wp","href":"https:\/\/api.w.org\/{rel}","templated":true}]}}