{"id":7158,"date":"2023-11-06T20:23:40","date_gmt":"2023-11-06T20:23:40","guid":{"rendered":"https:\/\/usvl.sav.sk\/wp\/?p=7158"},"modified":"2023-11-09T15:25:54","modified_gmt":"2023-11-09T15:25:54","slug":"osobnosti-ocenene-plaketami-sav","status":"publish","type":"post","link":"https:\/\/usvl.sav.sk\/wp\/?p=7158","title":{"rendered":"\u010cestn\u00e1 plaketa SAV \u013dudov\u00edta \u0160t\u00fara pre Romana Mikul\u00e1\u0161a"},"content":{"rendered":"<p><strong>Ned\u00e1vno ocenen\u00e9ho kolegu Romana Mikul\u00e1\u0161a predstavujeme v kr\u00e1tkom osobnom profile.<\/strong><\/p>\n<p><a href=\"https:\/\/usvl.sav.sk\/wp\/?attachment_id=6998\" rel=\"attachment wp-att-6998\"><img loading=\"lazy\" decoding=\"async\" class=\"wp-image-6998 size-large\" src=\"https:\/\/usvl.sav.sk\/wp\/wp-content\/uploads\/DSC4383-1024x683.jpg\" alt=\"\" width=\"604\" height=\"403\" srcset=\"https:\/\/usvl.sav.sk\/wp\/wp-content\/uploads\/DSC4383-1024x683.jpg 1024w, https:\/\/usvl.sav.sk\/wp\/wp-content\/uploads\/DSC4383-300x200.jpg 300w, https:\/\/usvl.sav.sk\/wp\/wp-content\/uploads\/DSC4383-768x512.jpg 768w, https:\/\/usvl.sav.sk\/wp\/wp-content\/uploads\/DSC4383-1536x1024.jpg 1536w, https:\/\/usvl.sav.sk\/wp\/wp-content\/uploads\/DSC4383-2048x1365.jpg 2048w\" sizes=\"auto, (max-width: 604px) 100vw, 604px\" \/><\/a><\/p>\n<p>Romanovi Mikul\u00e1\u0161ovi bola udelen\u00e1 <em>\u010cestn\u00e1 plaketa SAV \u013dudov\u00edta \u0160t\u00fara<\/em> za z\u00e1sluhy v humanitn\u00fdch a spolo\u010densk\u00fdch ved\u00e1ch. Od za\u010diatku svojej vedeckej dr\u00e1hy sa s\u00fastre\u010fuje na problematiku liter\u00e1rnovedn\u00e9ho myslenia. In\u0161pirat\u00edvne nadv\u00e4zuje predov\u0161etk\u00fdm na s\u00fa\u010dasn\u00e9 nemeck\u00e9 liter\u00e1rnovedn\u00e9 myslenie. Vo sf\u00e9re jeho z\u00e1ujmu s\u00fa teoretick\u00e9 a metodologick\u00e9 pr\u00edstupy liter\u00e1rnovedn\u00e9ho kon\u0161truktivizmu, empirickej te\u00f3rie literat\u00fary, te\u00f3rie syst\u00e9mov, te\u00f3rie chaosu a kognit\u00edvnej liter\u00e1rnej vedy. Jeho v\u00fdskum literat\u00fary charakterizuje predov\u0161etk\u00fdm univerz\u00e1lny antropologick\u00fd rozmer a interdisciplin\u00e1rnos\u0165. <!--more-->V\u00fdskumn\u00e9 t\u00e9my realizovan\u00e9 najm\u00e4 v posledn\u00fdch rokoch zah\u0155\u0148aj\u00fa okrem in\u00e9ho v\u00fdskum metafory, stv\u00e1rnenie choroby v literat\u00fare, te\u00f3riu interdiskurzov a interdiskurz\u00edvne kon\u0161truovanie reality v literat\u00fare. Roman Mikul\u00e1\u0161 je autorom viacer\u00fdch monografi\u00ed a spoluautorom \u010di editorom nieko\u013ek\u00fdch kolekt\u00edvnych pr\u00e1c, ktor\u00e9 vy\u0161li v renomovan\u00fdch dom\u00e1cich a zahrani\u010dn\u00fdch vydavate\u013estv\u00e1ch. Pre slovensk\u00fa liter\u00e1rnu vedu je z\u00e1sadn\u00fd jeho internetov\u00fd projekt<a href=\"https:\/\/hyperlexikon.sav.sk\/\"><em> Hyperlexik\u00f3n liter\u00e1rnovedn\u00fdch pojmov<\/em><\/a>, ktor\u00fd s\u00e1m inicioval a zastre\u0161uje a\u017e do s\u00fa\u010dasnosti.<\/p>\n<div id='gallery-1' class='gallery galleryid-7158 gallery-columns-5 gallery-size-thumbnail'><figure class='gallery-item'>\n\t\t\t<div class='gallery-icon portrait'>\n\t\t\t\t<a href='https:\/\/usvl.sav.sk\/wp\/?attachment_id=7159'><img loading=\"lazy\" decoding=\"async\" width=\"150\" height=\"150\" src=\"https:\/\/usvl.sav.sk\/wp\/wp-content\/uploads\/0-2-150x150.jpg\" class=\"attachment-thumbnail size-thumbnail\" alt=\"\" \/><\/a>\n\t\t\t<\/div><\/figure><figure class='gallery-item'>\n\t\t\t<div class='gallery-icon portrait'>\n\t\t\t\t<a href='https:\/\/usvl.sav.sk\/wp\/?attachment_id=7160'><img loading=\"lazy\" decoding=\"async\" width=\"150\" height=\"150\" src=\"https:\/\/usvl.sav.sk\/wp\/wp-content\/uploads\/1-4-150x150.jpg\" class=\"attachment-thumbnail size-thumbnail\" alt=\"\" \/><\/a>\n\t\t\t<\/div><\/figure><figure class='gallery-item'>\n\t\t\t<div class='gallery-icon portrait'>\n\t\t\t\t<a href='https:\/\/usvl.sav.sk\/wp\/?attachment_id=7161'><img loading=\"lazy\" decoding=\"async\" width=\"150\" height=\"150\" src=\"https:\/\/usvl.sav.sk\/wp\/wp-content\/uploads\/2-2-150x150.jpg\" class=\"attachment-thumbnail size-thumbnail\" alt=\"\" \/><\/a>\n\t\t\t<\/div><\/figure><figure class='gallery-item'>\n\t\t\t<div class='gallery-icon portrait'>\n\t\t\t\t<a href='https:\/\/usvl.sav.sk\/wp\/?attachment_id=7162'><img loading=\"lazy\" decoding=\"async\" width=\"150\" height=\"150\" src=\"https:\/\/usvl.sav.sk\/wp\/wp-content\/uploads\/3-4-150x150.jpg\" class=\"attachment-thumbnail size-thumbnail\" alt=\"\" \/><\/a>\n\t\t\t<\/div><\/figure><figure class='gallery-item'>\n\t\t\t<div class='gallery-icon portrait'>\n\t\t\t\t<a href='https:\/\/usvl.sav.sk\/wp\/?attachment_id=7163'><img loading=\"lazy\" decoding=\"async\" width=\"150\" height=\"150\" src=\"https:\/\/usvl.sav.sk\/wp\/wp-content\/uploads\/4-1-150x150.jpg\" class=\"attachment-thumbnail size-thumbnail\" alt=\"\" \/><\/a>\n\t\t\t<\/div><\/figure><figure class='gallery-item'>\n\t\t\t<div class='gallery-icon portrait'>\n\t\t\t\t<a href='https:\/\/usvl.sav.sk\/wp\/?attachment_id=7164'><img loading=\"lazy\" decoding=\"async\" width=\"150\" height=\"150\" src=\"https:\/\/usvl.sav.sk\/wp\/wp-content\/uploads\/5-1-150x150.jpg\" class=\"attachment-thumbnail size-thumbnail\" alt=\"\" \/><\/a>\n\t\t\t<\/div><\/figure><figure class='gallery-item'>\n\t\t\t<div class='gallery-icon portrait'>\n\t\t\t\t<a href='https:\/\/usvl.sav.sk\/wp\/?attachment_id=7165'><img loading=\"lazy\" decoding=\"async\" width=\"150\" height=\"150\" src=\"https:\/\/usvl.sav.sk\/wp\/wp-content\/uploads\/6-2-150x150.jpg\" class=\"attachment-thumbnail size-thumbnail\" alt=\"\" \/><\/a>\n\t\t\t<\/div><\/figure><figure class='gallery-item'>\n\t\t\t<div class='gallery-icon portrait'>\n\t\t\t\t<a href='https:\/\/usvl.sav.sk\/wp\/?attachment_id=7166'><img loading=\"lazy\" decoding=\"async\" width=\"150\" height=\"150\" src=\"https:\/\/usvl.sav.sk\/wp\/wp-content\/uploads\/7-3-150x150.jpeg\" class=\"attachment-thumbnail size-thumbnail\" alt=\"\" \/><\/a>\n\t\t\t<\/div><\/figure><figure class='gallery-item'>\n\t\t\t<div class='gallery-icon portrait'>\n\t\t\t\t<a href='https:\/\/usvl.sav.sk\/wp\/?attachment_id=7167'><img loading=\"lazy\" decoding=\"async\" width=\"150\" height=\"150\" src=\"https:\/\/usvl.sav.sk\/wp\/wp-content\/uploads\/8-1-150x150.jpg\" class=\"attachment-thumbnail size-thumbnail\" alt=\"\" \/><\/a>\n\t\t\t<\/div><\/figure><figure class='gallery-item'>\n\t\t\t<div class='gallery-icon portrait'>\n\t\t\t\t<a href='https:\/\/usvl.sav.sk\/wp\/?attachment_id=7168'><img loading=\"lazy\" decoding=\"async\" width=\"150\" height=\"150\" src=\"https:\/\/usvl.sav.sk\/wp\/wp-content\/uploads\/9-4-150x150.jpg\" class=\"attachment-thumbnail size-thumbnail\" alt=\"\" \/><\/a>\n\t\t\t<\/div><\/figure>\n\t\t<\/div>\n\n<p><strong>Zoznam rie\u0161en\u00fdch vedeckov\u00fdskumn\u00fdch projektov:<\/strong><br \/>\nProjekt VEGA (2007 \u2013 2009) <em>Diskurzy literat\u00fary pre deti a\u00a0ml\u00e1de\u017e<\/em><br \/>\nProjekt VEGA (2010 \u2013 2012) <em>Liter\u00e1rna veda ako &#8222;Systemics&#8220;<\/em><br \/>\nProjekt VEGA (2013 \u2013 2015) <em>Hyperlexik\u00f3n liter\u00e1rnovedn\u00fdch pojmov a\u00a0kateg\u00f3ri\u00ed<\/em><br \/>\nProjekt VEGA\u00a0 (2016 \u2013 2019) <em>Hyperlexik\u00f3n liter\u00e1rnovedn\u00fdch pojmov a\u00a0kateg\u00f3ri\u00ed II.<\/em><br \/>\nProjekt VEGA (2020 \u2013 2023) <em>Interdiskurz\u00edvne kon\u0161truovanie reality v\u00a0literat\u00fare<\/em><br \/>\nProjekt SRDA (2021 \u2013 2025) <em>Hyperlexik\u00f3n &#8211; Interakt\u00edvny hypertextov\u00fd lexik\u00f3n liter\u00e1rnej vedy<br \/>\ns korpusom k\u013e\u00fa\u010dov\u00fdch liter\u00e1rnovedn\u00fdch textov<\/em><\/p>\n","protected":false},"excerpt":{"rendered":"<p>Ned\u00e1vno ocenen\u00e9ho kolegu Romana Mikul\u00e1\u0161a predstavujeme v kr\u00e1tkom osobnom profile. Romanovi Mikul\u00e1\u0161ovi bola udelen\u00e1 \u010cestn\u00e1 plaketa SAV \u013dudov\u00edta \u0160t\u00fara za z\u00e1sluhy v humanitn\u00fdch a spolo\u010densk\u00fdch ved\u00e1ch. Od za\u010diatku svojej vedeckej dr\u00e1hy sa s\u00fastre\u010fuje na problematiku liter\u00e1rnovedn\u00e9ho myslenia. In\u0161pirat\u00edvne nadv\u00e4zuje predov\u0161etk\u00fdm na s\u00fa\u010dasn\u00e9 nemeck\u00e9 liter\u00e1rnovedn\u00e9 myslenie. Vo sf\u00e9re jeho z\u00e1ujmu s\u00fa teoretick\u00e9 a metodologick\u00e9 pr\u00edstupy liter\u00e1rnovedn\u00e9ho &hellip; <a href=\"https:\/\/usvl.sav.sk\/wp\/?p=7158\" class=\"more-link\">Pokra\u010dova\u0165 na <span class=\"screen-reader-text\">\u010cestn\u00e1 plaketa SAV \u013dudov\u00edta \u0160t\u00fara pre Romana Mikul\u00e1\u0161a<\/span> <span class=\"meta-nav\">&rarr;<\/span><\/a><\/p>\n","protected":false},"author":1,"featured_media":0,"comment_status":"closed","ping_status":"closed","sticky":false,"template":"","format":"standard","meta":{"footnotes":""},"categories":[11],"tags":[],"class_list":["post-7158","post","type-post","status-publish","format-standard","hentry","category-spravy"],"_links":{"self":[{"href":"https:\/\/usvl.sav.sk\/wp\/index.php?rest_route=\/wp\/v2\/posts\/7158","targetHints":{"allow":["GET"]}}],"collection":[{"href":"https:\/\/usvl.sav.sk\/wp\/index.php?rest_route=\/wp\/v2\/posts"}],"about":[{"href":"https:\/\/usvl.sav.sk\/wp\/index.php?rest_route=\/wp\/v2\/types\/post"}],"author":[{"embeddable":true,"href":"https:\/\/usvl.sav.sk\/wp\/index.php?rest_route=\/wp\/v2\/users\/1"}],"replies":[{"embeddable":true,"href":"https:\/\/usvl.sav.sk\/wp\/index.php?rest_route=%2Fwp%2Fv2%2Fcomments&post=7158"}],"version-history":[{"count":39,"href":"https:\/\/usvl.sav.sk\/wp\/index.php?rest_route=\/wp\/v2\/posts\/7158\/revisions"}],"predecessor-version":[{"id":7235,"href":"https:\/\/usvl.sav.sk\/wp\/index.php?rest_route=\/wp\/v2\/posts\/7158\/revisions\/7235"}],"wp:attachment":[{"href":"https:\/\/usvl.sav.sk\/wp\/index.php?rest_route=%2Fwp%2Fv2%2Fmedia&parent=7158"}],"wp:term":[{"taxonomy":"category","embeddable":true,"href":"https:\/\/usvl.sav.sk\/wp\/index.php?rest_route=%2Fwp%2Fv2%2Fcategories&post=7158"},{"taxonomy":"post_tag","embeddable":true,"href":"https:\/\/usvl.sav.sk\/wp\/index.php?rest_route=%2Fwp%2Fv2%2Ftags&post=7158"}],"curies":[{"name":"wp","href":"https:\/\/api.w.org\/{rel}","templated":true}]}}