{"id":7028,"date":"2023-11-09T22:20:04","date_gmt":"2023-11-09T22:20:04","guid":{"rendered":"https:\/\/usvl.sav.sk\/wp\/?p=7028"},"modified":"2023-11-17T21:56:23","modified_gmt":"2023-11-17T21:56:23","slug":"zuzana-kopecka-phd-nacomijedoktorandskestudium","status":"publish","type":"post","link":"https:\/\/usvl.sav.sk\/wp\/?p=7028","title":{"rendered":"Zuzana Kopeck\u00e1, PhD.                                                                                          #nacomijedoktorandskestudium"},"content":{"rendered":"<div dir=\"auto\">\u00dastav svetovej literat\u00fary SAV, v. v. i., pon\u00faka \u0161tvorro\u010dn\u00e9\u00a0<a href=\"https:\/\/usvl.sav.sk\/wp\/?page_id=235\">intern\u00e9 doktorandsk\u00e9 \u0161t\u00fadium<\/a>\u00a0v \u0161tudijnom programe Liter\u00e1rna veda (viac inform\u00e1ci\u00ed\u00a0<a href=\"https:\/\/usvl.sav.sk\/wp\/?page_id=235\">TU<\/a>). Na\u0161\u00edm \u00fastavom pre\u0161lo u\u017e ve\u013ea \u00faspe\u0161n\u00fdch doktorandiek a doktorandov, ktor\u00ed sa po obh\u00e1jen\u00ed dizerta\u010dnej pr\u00e1ce vydali r\u00f4znymi cestami. Postupne sa p\u00fdtame viacer\u00fdch z nich, na\u010do im bolo doktorandsk\u00e9 \u0161t\u00fadium z dne\u0161n\u00e9ho poh\u013eadu. Zuzana Kopeck\u00e1, ktor\u00e1 obh\u00e1jen\u00fa dizerta\u010dn\u00fa pr\u00e1cu spracovala do kni\u017en\u00e9ho vydania, z\u00edskala titul PhD. v roku 2021. Teraz sa venuje najm\u00e4 neform\u00e1lnemu vzdel\u00e1vaniu. O svojej sk\u00fasenosti nap\u00edsala:<\/div>\n<blockquote>\n<div dir=\"auto\">Doktorandsk\u00e9 \u0161t\u00fadium s\u00edce nie je jednoduch\u00e9, no tie vedomosti a zru\u010dnosti, \u010do si z neho odnesiete, v\u00e1m u\u017e nikto nezoberie a mo\u017eno pr\u00e1ve tie v\u00e1m otvoria mnoh\u00e9 dvere, bez oh\u013eadu na to, akou cestou sa po jeho ukon\u010den\u00ed vyd\u00e1te.<\/div>\n<\/blockquote>\n<div dir=\"auto\">\n<div dir=\"auto\"><a href=\"https:\/\/usvl.sav.sk\/wp\/?attachment_id=5650\" rel=\"attachment wp-att-5650\"><img loading=\"lazy\" decoding=\"async\" class=\"wp-image-5650 alignnone\" src=\"https:\/\/usvl.sav.sk\/wp\/wp-content\/uploads\/Symptomy_literarnej-moderny_obalka-648x1024.jpg\" alt=\"\" width=\"300\" height=\"474\" srcset=\"https:\/\/usvl.sav.sk\/wp\/wp-content\/uploads\/Symptomy_literarnej-moderny_obalka-648x1024.jpg 648w, https:\/\/usvl.sav.sk\/wp\/wp-content\/uploads\/Symptomy_literarnej-moderny_obalka-190x300.jpg 190w, https:\/\/usvl.sav.sk\/wp\/wp-content\/uploads\/Symptomy_literarnej-moderny_obalka-768x1213.jpg 768w, https:\/\/usvl.sav.sk\/wp\/wp-content\/uploads\/Symptomy_literarnej-moderny_obalka-972x1536.jpg 972w, https:\/\/usvl.sav.sk\/wp\/wp-content\/uploads\/Symptomy_literarnej-moderny_obalka-1297x2048.jpg 1297w, https:\/\/usvl.sav.sk\/wp\/wp-content\/uploads\/Symptomy_literarnej-moderny_obalka-scaled.jpg 1621w\" sizes=\"auto, (max-width: 300px) 100vw, 300px\" \/><\/a><img loading=\"lazy\" decoding=\"async\" class=\"alignnone wp-image-5692\" src=\"https:\/\/usvl.sav.sk\/wp\/wp-content\/uploads\/foto-kopecka-259x300.jpg\" alt=\"\" width=\"302\" height=\"349\" srcset=\"https:\/\/usvl.sav.sk\/wp\/wp-content\/uploads\/foto-kopecka-259x300.jpg 259w, https:\/\/usvl.sav.sk\/wp\/wp-content\/uploads\/foto-kopecka-886x1024.jpg 886w, https:\/\/usvl.sav.sk\/wp\/wp-content\/uploads\/foto-kopecka-768x888.jpg 768w, https:\/\/usvl.sav.sk\/wp\/wp-content\/uploads\/foto-kopecka-1328x1536.jpg 1328w, https:\/\/usvl.sav.sk\/wp\/wp-content\/uploads\/foto-kopecka-1771x2048.jpg 1771w\" sizes=\"auto, (max-width: 302px) 100vw, 302px\" \/><\/div>\n<\/div>\n<div dir=\"auto\"><\/div>\n<p><!--more--><\/p>\n<div dir=\"auto\">Doktorandsk\u00e9 \u0161t\u00fadium mi dalo najm\u00e4 mo\u017enos\u0165 nahliadnu\u0165 do r\u00f4znych oblast\u00ed (nielen) liter\u00e1rnovedn\u00e9ho v\u00fdskumu, spozna\u0165 zauj\u00edmav\u00fdch \u013eud\u00ed a ich perspekt\u00edvy z akademick\u00e9ho sveta aj mimo neho, cestova\u0165, z\u00fa\u010dast\u0148ova\u0165 sa na dom\u00e1cich aj zahrani\u010dn\u00fdch podujatiach, spoluorganizova\u0165 konferencie, redigova\u0165, p\u00edsa\u0165 odborn\u00e9 texty a najm\u00e4 mi dalo mo\u017enos\u0165 rozv\u00edja\u0165 sa nielen po profesijnej, ale aj osobnostnej str\u00e1nke.<\/div>\n<div dir=\"auto\"><\/div>\n<div dir=\"auto\">Aj napriek tomu, \u017ee po ukon\u010den\u00ed doktorandsk\u00e9ho \u0161t\u00fadia som nezostala v akademickom svete, nadobudnut\u00e9 sk\u00fasenosti ma sprev\u00e1dzaj\u00fa aj vo sf\u00e9re neform\u00e1lneho vzdel\u00e1vania, ktor\u00e9mu sa v s\u00fa\u010dasnosti venujem, a to vo veden\u00ed\u00a0 vzdel\u00e1vacieho centra Educat, pripravuj\u00faceho bud\u00facu gener\u00e1ciu u\u010diteliek a u\u010dite\u013eov na ich pedagogick\u00fa prax, ako aj v realiz\u00e1cii v\u00fdchovno-vzdel\u00e1vac\u00edch podujat\u00ed pre deti a ml\u00e1de\u017e v Krajskej kni\u017enici Karola Kme\u0165ka v Nitre, na hos\u0165ovsk\u00fdch predn\u00e1\u0161kach na Univerzite Kon\u0161tant\u00edna Filozofa v Nitre a Univerzite sv. Cyrila a Metoda v Trnave \u010di na vzdel\u00e1vac\u00edch workshopoch pre dospel\u00fdch (\u0161tuduj\u00facich u\u010dite\u013estva, u\u010diteliek a u\u010dite\u013eov a pracovn\u00edkov s de\u0165mi a ml\u00e1de\u017eou).<\/div>\n<div dir=\"auto\"><\/div>\n<div dir=\"auto\">Doktorandsk\u00e9 \u0161t\u00fadium s\u00edce nie je jednoduch\u00e9, no tie vedomosti a zru\u010dnosti, \u010do si z neho odnesiete, v\u00e1m u\u017e nikto nezoberie a mo\u017eno pr\u00e1ve tie v\u00e1m otvoria mnoh\u00e9 dvere, bez oh\u013eadu na to, akou cestou sa po ukon\u010den\u00ed doktorandsk\u00e9ho \u0161t\u00fadia vyd\u00e1te.<\/div>\n<div dir=\"auto\"><\/div>\n<div dir=\"auto\"><\/div>\n<div dir=\"auto\"><\/div>\n","protected":false},"excerpt":{"rendered":"<p>\u00dastav svetovej literat\u00fary SAV, v. v. i., pon\u00faka \u0161tvorro\u010dn\u00e9\u00a0intern\u00e9 doktorandsk\u00e9 \u0161t\u00fadium\u00a0v \u0161tudijnom programe Liter\u00e1rna veda (viac inform\u00e1ci\u00ed\u00a0TU). Na\u0161\u00edm \u00fastavom pre\u0161lo u\u017e ve\u013ea \u00faspe\u0161n\u00fdch doktorandiek a doktorandov, ktor\u00ed sa po obh\u00e1jen\u00ed dizerta\u010dnej pr\u00e1ce vydali r\u00f4znymi cestami. Postupne sa p\u00fdtame viacer\u00fdch z nich, na\u010do im bolo doktorandsk\u00e9 \u0161t\u00fadium z dne\u0161n\u00e9ho poh\u013eadu. Zuzana Kopeck\u00e1, ktor\u00e1 obh\u00e1jen\u00fa dizerta\u010dn\u00fa pr\u00e1cu &hellip; <a href=\"https:\/\/usvl.sav.sk\/wp\/?p=7028\" class=\"more-link\">Pokra\u010dova\u0165 na <span class=\"screen-reader-text\">Zuzana Kopeck\u00e1, PhD.                                                                                          #nacomijedoktorandskestudium<\/span> <span class=\"meta-nav\">&rarr;<\/span><\/a><\/p>\n","protected":false},"author":1,"featured_media":0,"comment_status":"closed","ping_status":"closed","sticky":false,"template":"","format":"standard","meta":{"footnotes":""},"categories":[26,1],"tags":[],"class_list":["post-7028","post","type-post","status-publish","format-standard","hentry","category-phd-studium","category-rozne"],"_links":{"self":[{"href":"https:\/\/usvl.sav.sk\/wp\/index.php?rest_route=\/wp\/v2\/posts\/7028","targetHints":{"allow":["GET"]}}],"collection":[{"href":"https:\/\/usvl.sav.sk\/wp\/index.php?rest_route=\/wp\/v2\/posts"}],"about":[{"href":"https:\/\/usvl.sav.sk\/wp\/index.php?rest_route=\/wp\/v2\/types\/post"}],"author":[{"embeddable":true,"href":"https:\/\/usvl.sav.sk\/wp\/index.php?rest_route=\/wp\/v2\/users\/1"}],"replies":[{"embeddable":true,"href":"https:\/\/usvl.sav.sk\/wp\/index.php?rest_route=%2Fwp%2Fv2%2Fcomments&post=7028"}],"version-history":[{"count":12,"href":"https:\/\/usvl.sav.sk\/wp\/index.php?rest_route=\/wp\/v2\/posts\/7028\/revisions"}],"predecessor-version":[{"id":7261,"href":"https:\/\/usvl.sav.sk\/wp\/index.php?rest_route=\/wp\/v2\/posts\/7028\/revisions\/7261"}],"wp:attachment":[{"href":"https:\/\/usvl.sav.sk\/wp\/index.php?rest_route=%2Fwp%2Fv2%2Fmedia&parent=7028"}],"wp:term":[{"taxonomy":"category","embeddable":true,"href":"https:\/\/usvl.sav.sk\/wp\/index.php?rest_route=%2Fwp%2Fv2%2Fcategories&post=7028"},{"taxonomy":"post_tag","embeddable":true,"href":"https:\/\/usvl.sav.sk\/wp\/index.php?rest_route=%2Fwp%2Fv2%2Ftags&post=7028"}],"curies":[{"name":"wp","href":"https:\/\/api.w.org\/{rel}","templated":true}]}}