{"id":6982,"date":"2023-10-25T17:45:19","date_gmt":"2023-10-25T17:45:19","guid":{"rendered":"https:\/\/usvl.sav.sk\/wp\/?p=6982"},"modified":"2023-10-27T08:08:24","modified_gmt":"2023-10-27T08:08:24","slug":"predsednictvo-sav-ocenilo-pracovnikov-ustavu-svetovej-literatury","status":"publish","type":"post","link":"https:\/\/usvl.sav.sk\/wp\/?p=6982","title":{"rendered":"Predsedn\u00edctvo SAV ocenilo osobnosti \u00dastavu svetovej literat\u00fary"},"content":{"rendered":"<p><strong><a href=\"https:\/\/usvl.sav.sk\/wp\/wp-content\/uploads\/IMG_2890_mensia-scaled.jpg\"><img loading=\"lazy\" decoding=\"async\" class=\"alignleft wp-image-7000\" src=\"https:\/\/usvl.sav.sk\/wp\/wp-content\/uploads\/IMG_2890_mensia-729x1024.jpg\" alt=\"\" width=\"268\" height=\"377\" srcset=\"https:\/\/usvl.sav.sk\/wp\/wp-content\/uploads\/IMG_2890_mensia-729x1024.jpg 729w, https:\/\/usvl.sav.sk\/wp\/wp-content\/uploads\/IMG_2890_mensia-213x300.jpg 213w, https:\/\/usvl.sav.sk\/wp\/wp-content\/uploads\/IMG_2890_mensia-768x1079.jpg 768w, https:\/\/usvl.sav.sk\/wp\/wp-content\/uploads\/IMG_2890_mensia-1093x1536.jpg 1093w, https:\/\/usvl.sav.sk\/wp\/wp-content\/uploads\/IMG_2890_mensia-1457x2048.jpg 1457w, https:\/\/usvl.sav.sk\/wp\/wp-content\/uploads\/IMG_2890_mensia-scaled.jpg 1822w\" sizes=\"auto, (max-width: 268px) 100vw, 268px\" \/><\/a>Na\u0161a kolegy\u0148a Jana Cvikov\u00e1 a n\u00e1\u0161 kolega Roman Mikul\u00e1\u0161 prevzali z r\u00fak podpredsedu SAV za 3. oddelenie vied Miroslava T. Morovicsa v\u00fdznamn\u00e9 akademick\u00e9 ocenenia.<\/strong><\/p>\n<p>V stredu 25. okt\u00f3bra 2023 boli odovzdan\u00e9 akademick\u00e9 ocenenia dvom osobnostiam n\u00e1\u0161ho pracoviska. <a href=\"https:\/\/usvl.sav.sk\/wp\/?page_id=5560&amp;user_no=9277\">Jana Cvikov\u00e1<\/a>, \u0161\u00e9fredaktorka \u010dasopisu <em>World Literature Studies<\/em> a vedeck\u00e1 tajomn\u00ed\u010dka, bola na z\u00e1klade n\u00e1vrhu Komisie SAV pre rovnos\u0165 pr\u00edle\u017eitost\u00ed ocenen\u00e1 <em>Pam\u00e4tnou plaketou SAV<\/em>. <a href=\"https:\/\/usvl.sav.sk\/wp\/?page_id=5560&amp;user_no=3196\">Romanovi Mikul\u00e1\u0161ovi<\/a>, ved\u00facemu oddelenia liter\u00e1rnej te\u00f3rie a hlavn\u00e9mu redaktorovi <em><a href=\"https:\/\/hyperlexikon.sav.sk\/\">Hyperlexik\u00f3nu liter\u00e1rnovedn\u00fdch pojmov<\/a><\/em> bola na n\u00e1vrh pracoviska udelen\u00e1<em> \u010cestn\u00e1 plaketa SAV \u013dudov\u00edta \u0160t\u00fara za z\u00e1sluhy v humanitn\u00fdch a spolo\u010densk\u00fdch ved\u00e1ch<\/em>.<br \/>\nObom ocenen\u00fdm srde\u010dne blaho\u017eel\u00e1me.<\/p>\n<p>O priebehu podujatia aj o motiv\u00e1ci\u00e1ch, ktor\u00e9 viedli k oceneniam, sa do\u010d\u00edtate viac na <a href=\"https:\/\/www.sav.sk\/?lang=sk&amp;doc=services-news&amp;source_no=20&amp;news_no=11488\">webe SAV<\/a> a v jeho pr\u00edloh\u00e1ch.<\/p>\n<div id='gallery-1' class='gallery galleryid-6982 gallery-columns-3 gallery-size-thumbnail'><figure class='gallery-item'>\n\t\t\t<div class='gallery-icon landscape'>\n\t\t\t\t<a href='https:\/\/usvl.sav.sk\/wp\/?attachment_id=6996'><img loading=\"lazy\" decoding=\"async\" width=\"150\" height=\"150\" src=\"https:\/\/usvl.sav.sk\/wp\/wp-content\/uploads\/DSC4346-150x150.jpg\" class=\"attachment-thumbnail size-thumbnail\" alt=\"\" aria-describedby=\"gallery-1-6996\" \/><\/a>\n\t\t\t<\/div>\n\t\t\t\t<figcaption class='wp-caption-text gallery-caption' id='gallery-1-6996'>\n\t\t\t\tPodpredseda SAV pre 3. oddelenie Miroslav T. Morovics po\u010das odovzd\u00e1vania cien\n\t\t\t\t<\/figcaption><\/figure><figure class='gallery-item'>\n\t\t\t<div class='gallery-icon landscape'>\n\t\t\t\t<a href='https:\/\/usvl.sav.sk\/wp\/?attachment_id=6995'><img loading=\"lazy\" decoding=\"async\" width=\"150\" height=\"150\" src=\"https:\/\/usvl.sav.sk\/wp\/wp-content\/uploads\/DSC4344-150x150.jpg\" class=\"attachment-thumbnail size-thumbnail\" alt=\"\" aria-describedby=\"gallery-1-6995\" \/><\/a>\n\t\t\t<\/div>\n\t\t\t\t<figcaption class='wp-caption-text gallery-caption' id='gallery-1-6995'>\n\t\t\t\tPoh\u013ead do zasada\u010dky \u00fastavu po\u010das odovzd\u00e1vania cien.\n\t\t\t\t<\/figcaption><\/figure><figure class='gallery-item'>\n\t\t\t<div class='gallery-icon landscape'>\n\t\t\t\t<a href='https:\/\/usvl.sav.sk\/wp\/?attachment_id=6997'><img loading=\"lazy\" decoding=\"async\" width=\"150\" height=\"150\" src=\"https:\/\/usvl.sav.sk\/wp\/wp-content\/uploads\/DSC4358-150x150.jpg\" class=\"attachment-thumbnail size-thumbnail\" alt=\"\" aria-describedby=\"gallery-1-6997\" \/><\/a>\n\t\t\t<\/div>\n\t\t\t\t<figcaption class='wp-caption-text gallery-caption' id='gallery-1-6997'>\n\t\t\t\tJana Cvikov\u00e1 s Pam\u00e4tnou plaketou SAV\n\t\t\t\t<\/figcaption><\/figure><figure class='gallery-item'>\n\t\t\t<div class='gallery-icon landscape'>\n\t\t\t\t<a href='https:\/\/usvl.sav.sk\/wp\/?attachment_id=6998'><img loading=\"lazy\" decoding=\"async\" width=\"150\" height=\"150\" src=\"https:\/\/usvl.sav.sk\/wp\/wp-content\/uploads\/DSC4383-150x150.jpg\" class=\"attachment-thumbnail size-thumbnail\" alt=\"\" aria-describedby=\"gallery-1-6998\" \/><\/a>\n\t\t\t<\/div>\n\t\t\t\t<figcaption class='wp-caption-text gallery-caption' id='gallery-1-6998'>\n\t\t\t\tRoman Mikul\u00e1\u0161 s \u010cestnou plaketou SAV \u013dudov\u00edta \u0160t\u00fara za z\u00e1sluhy v humanitn\u00fdch a spolo\u010densk\u00fdch ved\u00e1ch\n\t\t\t\t<\/figcaption><\/figure><figure class='gallery-item'>\n\t\t\t<div class='gallery-icon landscape'>\n\t\t\t\t<a href='https:\/\/usvl.sav.sk\/wp\/?attachment_id=7001'><img loading=\"lazy\" decoding=\"async\" width=\"150\" height=\"150\" src=\"https:\/\/usvl.sav.sk\/wp\/wp-content\/uploads\/IMG_2896_mensia-150x150.jpg\" class=\"attachment-thumbnail size-thumbnail\" alt=\"\" aria-describedby=\"gallery-1-7001\" \/><\/a>\n\t\t\t<\/div>\n\t\t\t\t<figcaption class='wp-caption-text gallery-caption' id='gallery-1-7001'>\n\t\t\t\tJana Cvikov\u00e1 a Roman Mikul\u00e1\u0161 s veden\u00edm \u00fastavu: riadite\u013ekou Judit G\u00f6r\u00f6zdi a jej z\u00e1stupcom R\u00f3bertom G\u00e1frikom\n\t\t\t\t<\/figcaption><\/figure><figure class='gallery-item'>\n\t\t\t<div class='gallery-icon landscape'>\n\t\t\t\t<a href='https:\/\/usvl.sav.sk\/wp\/?attachment_id=6999'><img loading=\"lazy\" decoding=\"async\" width=\"150\" height=\"150\" src=\"https:\/\/usvl.sav.sk\/wp\/wp-content\/uploads\/IMG_2899_mensia-150x150.jpg\" class=\"attachment-thumbnail size-thumbnail\" alt=\"\" aria-describedby=\"gallery-1-6999\" \/><\/a>\n\t\t\t<\/div>\n\t\t\t\t<figcaption class='wp-caption-text gallery-caption' id='gallery-1-6999'>\n\t\t\t\tKolekt\u00edv \u00dastavu svetovej literat\u00fary SAV, v. v. i., s ocenen\u00fdmi.\n\t\t\t\t<\/figcaption><\/figure>\n\t\t<\/div>\n\n","protected":false},"excerpt":{"rendered":"<p>Na\u0161a kolegy\u0148a Jana Cvikov\u00e1 a n\u00e1\u0161 kolega Roman Mikul\u00e1\u0161 prevzali z r\u00fak podpredsedu SAV za 3. oddelenie vied Miroslava T. Morovicsa v\u00fdznamn\u00e9 akademick\u00e9 ocenenia. V stredu 25. okt\u00f3bra 2023 boli odovzdan\u00e9 akademick\u00e9 ocenenia dvom osobnostiam n\u00e1\u0161ho pracoviska. Jana Cvikov\u00e1, \u0161\u00e9fredaktorka \u010dasopisu World Literature Studies a vedeck\u00e1 tajomn\u00ed\u010dka, bola na z\u00e1klade n\u00e1vrhu Komisie SAV pre rovnos\u0165 &hellip; <a href=\"https:\/\/usvl.sav.sk\/wp\/?p=6982\" class=\"more-link\">Pokra\u010dova\u0165 na <span class=\"screen-reader-text\">Predsedn\u00edctvo SAV ocenilo osobnosti \u00dastavu svetovej literat\u00fary<\/span> <span class=\"meta-nav\">&rarr;<\/span><\/a><\/p>\n","protected":false},"author":1,"featured_media":0,"comment_status":"closed","ping_status":"closed","sticky":false,"template":"","format":"standard","meta":{"footnotes":""},"categories":[11,13],"tags":[],"class_list":["post-6982","post","type-post","status-publish","format-standard","hentry","category-spravy","category-udalosti"],"_links":{"self":[{"href":"https:\/\/usvl.sav.sk\/wp\/index.php?rest_route=\/wp\/v2\/posts\/6982","targetHints":{"allow":["GET"]}}],"collection":[{"href":"https:\/\/usvl.sav.sk\/wp\/index.php?rest_route=\/wp\/v2\/posts"}],"about":[{"href":"https:\/\/usvl.sav.sk\/wp\/index.php?rest_route=\/wp\/v2\/types\/post"}],"author":[{"embeddable":true,"href":"https:\/\/usvl.sav.sk\/wp\/index.php?rest_route=\/wp\/v2\/users\/1"}],"replies":[{"embeddable":true,"href":"https:\/\/usvl.sav.sk\/wp\/index.php?rest_route=%2Fwp%2Fv2%2Fcomments&post=6982"}],"version-history":[{"count":11,"href":"https:\/\/usvl.sav.sk\/wp\/index.php?rest_route=\/wp\/v2\/posts\/6982\/revisions"}],"predecessor-version":[{"id":7006,"href":"https:\/\/usvl.sav.sk\/wp\/index.php?rest_route=\/wp\/v2\/posts\/6982\/revisions\/7006"}],"wp:attachment":[{"href":"https:\/\/usvl.sav.sk\/wp\/index.php?rest_route=%2Fwp%2Fv2%2Fmedia&parent=6982"}],"wp:term":[{"taxonomy":"category","embeddable":true,"href":"https:\/\/usvl.sav.sk\/wp\/index.php?rest_route=%2Fwp%2Fv2%2Fcategories&post=6982"},{"taxonomy":"post_tag","embeddable":true,"href":"https:\/\/usvl.sav.sk\/wp\/index.php?rest_route=%2Fwp%2Fv2%2Ftags&post=6982"}],"curies":[{"name":"wp","href":"https:\/\/api.w.org\/{rel}","templated":true}]}}