{"id":6741,"date":"2023-10-11T21:48:31","date_gmt":"2023-10-11T21:48:31","guid":{"rendered":"https:\/\/usvl.sav.sk\/wp\/?p=6741"},"modified":"2023-10-11T22:39:24","modified_gmt":"2023-10-11T22:39:24","slug":"naco-mi-je-doktorandske-studium-tamara-simoncikova-heribanova-phd-2020","status":"publish","type":"post","link":"https:\/\/usvl.sav.sk\/wp\/?p=6741","title":{"rendered":"Tamara \u0160imon\u010d\u00edkov\u00e1 Heribanov\u00e1, PhD. #nacomijedoktorandskestudium"},"content":{"rendered":"<p>\u00dastav svetovej literat\u00fary SAV, v. v. i., pon\u00faka \u0161tvorro\u010dn\u00e9 <a href=\"https:\/\/usvl.sav.sk\/wp\/?page_id=235\">intern\u00e9 doktorandsk\u00e9 \u0161t\u00fadium<\/a> v \u0161tudijnom programe Liter\u00e1rna veda (viac inform\u00e1ci\u00ed <a href=\"https:\/\/usvl.sav.sk\/wp\/?page_id=235\">TU<\/a>). Na\u0161\u00edm \u00fastavom pre\u0161lo u\u017e ve\u013ea \u00faspe\u0161n\u00fdch doktorandiek a doktorandov, ktor\u00ed sa po obh\u00e1jen\u00ed dizerta\u010dnej pr\u00e1ce vydali r\u00f4znymi cestami. Postupne sa p\u00fdtame viacer\u00fdch v\u00fdrazn\u00fdch osobnost\u00ed kult\u00farneho \u010di univerzitn\u00e9ho \u017eivota spomedzi nich, na\u010do im bolo doktorandsk\u00e9 \u0161t\u00fadium z dne\u0161n\u00e9ho poh\u013eadu. Spisovate\u013eka a publicistka Tamara Heribanov\u00e1 \u0160imon\u010d\u00edkov\u00e1 z\u00edskala titul PhD. v roku 2020. O svojej sk\u00fasenosti okrem in\u00e9ho nap\u00edsala:<\/p>\n<blockquote><p>Doktorandsk\u00e9 \u0161t\u00fadium v \u00dastave svetovej literat\u00fary SAV by som odporu\u010dila ka\u017edej a ka\u017ed\u00e9mu, kto sa hlb\u0161ie zauj\u00edma o literat\u00faru a v dne\u0161nom upon\u00e1h\u013eanom svete t\u00fa\u017ei po priestore na spozn\u00e1vanie, napredovanie, nadv\u00e4zovanie na minulos\u0165, ale aj rozkr\u00fdvanie s\u00fa\u010dasn\u00fdch spolo\u010densk\u00fdch probl\u00e9mov, ktor\u00e9 nemusia by\u0165 striktne vymedzen\u00e9 len liter\u00e1rnovedn\u00fdm r\u00e1mcom.<\/p><\/blockquote>\n<figure id=\"attachment_6743\" aria-describedby=\"caption-attachment-6743\" style=\"width: 604px\" class=\"wp-caption aligncenter\"><a href=\"https:\/\/usvl.sav.sk\/wp\/wp-content\/uploads\/Tamara-Simoncikova-Heribanova.jpg\"><img loading=\"lazy\" decoding=\"async\" class=\"wp-image-6743 size-large\" src=\"https:\/\/usvl.sav.sk\/wp\/wp-content\/uploads\/Tamara-Simoncikova-Heribanova-819x1024.jpg\" alt=\"\" width=\"604\" height=\"755\" srcset=\"https:\/\/usvl.sav.sk\/wp\/wp-content\/uploads\/Tamara-Simoncikova-Heribanova-819x1024.jpg 819w, https:\/\/usvl.sav.sk\/wp\/wp-content\/uploads\/Tamara-Simoncikova-Heribanova-240x300.jpg 240w, https:\/\/usvl.sav.sk\/wp\/wp-content\/uploads\/Tamara-Simoncikova-Heribanova-768x960.jpg 768w, https:\/\/usvl.sav.sk\/wp\/wp-content\/uploads\/Tamara-Simoncikova-Heribanova-1229x1536.jpg 1229w, https:\/\/usvl.sav.sk\/wp\/wp-content\/uploads\/Tamara-Simoncikova-Heribanova.jpg 1266w\" sizes=\"auto, (max-width: 604px) 100vw, 604px\" \/><\/a><figcaption id=\"caption-attachment-6743\" class=\"wp-caption-text\">Tamara \u0160imon\u010d\u00edkov\u00e1 Heribanov\u00e1 so svojou kni\u017ekou \u00a0<em>Pr\u00edpad Erich K\u00e4stner: lyrikou proti totalite (Roky odporu 1923 \u2013 1933)<\/em>, ktor\u00e1 vznikla na z\u00e1klade dizerta\u010dnej pr\u00e1ce.<\/figcaption><\/figure>\n<p><!--more--><\/p>\n<p>\u0160t\u00fadium v \u00daSvL SAV, najm\u00e4 mo\u017enos\u0165 nieko\u013eko rokov intenz\u00edvne napredova\u0165 v oblasti literat\u00fary v okruhu vzdelan\u00fdch, nielen teoreticky podkut\u00fdch, ale aj akt\u00edvne p\u00f4sobiacich vedk\u00fd\u0148, vedcov, ma posunulo v mnohom vpred. Mala som mo\u017enos\u0165 robi\u0165 in\u0161pirat\u00edvny dlhoro\u010dn\u00fd systematick\u00fd v\u00fdskum pod veden\u00edm profesorky M\u00e1rie B\u00e1torovej, ktor\u00fd vy\u00fastil do \u00faspe\u0161n\u00e9ho ukon\u010denia doktorandsk\u00e9ho \u0161t\u00fadia. Z tohto v\u00fdskumu vznikla monografia <a href=\"https:\/\/www.litcentrum.sk\/clanok\/pripad-obycajnej-ludskosti\">Pr\u00edpad Erich K\u00e4stner: lyrikou proti totalite (Roky odporu 1923 \u2013 1933)<\/a>,<em>\u00a0<\/em>ktor\u00e1 vy\u0161la v roku 2022 kni\u017ene. Rada by som vyzdvihla mo\u017enos\u0165 spozna\u0165 vz\u00e1cne s\u00faputn\u00ed\u010dky a s\u00faputn\u00edkov, tvoriacich na\u0161u \u201edoktorandsk\u00fa rodinu\u201c, s\u00a0ktorou som dodnes v\u00a0akt\u00edvnom kontakte \u2013 s\u00a0b\u00fdvalou kolegy\u0148ou <a href=\"https:\/\/www.sav.sk\/?lang=sk&amp;doc=activity-monography-response-page&amp;institute_no=66&amp;monography_id=300\">Zuzanou Kopeckou<\/a> sme naposledy boli s\u00fa\u010das\u0165ou podujatia s n\u00e1zvom\u00a0<em>Kni\u017enice teraz a\u00a0potom<\/em>\u00a0(organizovala\u00a0Slovensk\u00e1 n\u00e1rodn\u00e1 kni\u017enica v\u00a0Martine), s\u00a0b\u00fdvalou kolegy\u0148ou Nat\u00e1liou Ty\u0161\u0161 sme spolupracovali napr. na prezent\u00e1ci\u00e1ch k\u00a0vydaniu \u010dasopisu Verzia (Mestsk\u00e1 kni\u017enica v\u00a0Bratislave;\u00a0Goethe-Institut Bratislava).<\/p>\n<p>Doktorandsk\u00e9 \u0161t\u00fadium v \u00daSvL SAV by som odporu\u010dila ka\u017edej a ka\u017ed\u00e9mu, kto sa hlb\u0161ie zauj\u00edma o literat\u00faru a v dne\u0161nom upon\u00e1h\u013eanom svete t\u00fa\u017ei po priestore na spozn\u00e1vanie, napredovanie, nadv\u00e4zovanie na minulos\u0165, ale aj rozkr\u00fdvanie s\u00fa\u010dasn\u00fdch spolo\u010densk\u00fdch probl\u00e9mov, ktor\u00e9 nemusia by\u0165 striktne vymedzen\u00e9 len liter\u00e1rnovedn\u00fdm r\u00e1mcom.<\/p>\n<p>Po\u010das doktorandsk\u00e9ho \u0161t\u00fadia sme mali mo\u017enos\u0165 akt\u00edvne sa z\u00fa\u010dast\u0148ova\u0165 na semin\u00e1roch, predn\u00e1\u0161kach, medzin\u00e1rodn\u00fdch konferenci\u00e1ch (taktie\u017e ich spoluorganizova\u0165), mali sme mo\u017enos\u0165 by\u0165 vystaven\u00ed rozhovorom \u010dasto presahuj\u00facim liter\u00e1rne umenie, ktor\u00e9 pre n\u00e1s predstavovalo z\u00e1klad, sna\u017eili sme spolo\u010dne nach\u00e1dza\u0165 odpovede, priestor na dial\u00f3g na r\u00f4znorod\u00e9 t\u00e9my, ktor\u00e9 sa n\u00e1s dot\u00fdkaj\u00fa a\u00a0nie s\u00fa n\u00e1m \u013eahostajn\u00e9. Ist\u00e1 miera vyhranenosti a\u00a0snahy o\u00a0prezentovanie postojov, kritick\u00e9ho myslenia sa u\u00a0m\u0148a odzrkad\u013euje aj po odchode z\u00a0\u00daSvL SAV, ke\u010f\u017ee sa spolupodie\u013eam na viacer\u00fdch projektoch, som s\u00fa\u010das\u0165ou r\u00f4znych iniciat\u00edv (Kl\u00edma \u0165a potrebuje, Ide n\u00e1m o\u00a0\u017eivot, Chcem tu zosta\u0165, Srdcom doma, Nie v\u00a0mojom kroji at\u010f.),\u00a0spolupracujem\u00a0s neziskov\u00fdmi organiz\u00e1ciami (Post Bellum, Bystriny, Zdru\u017eenie SM N\u00e1dej at\u010f.), som s\u00fa\u010das\u0165ou liter\u00e1rnych podujat\u00ed, festivalov, s\u00fa\u0165a\u017e\u00ed (Liter\u00e1rny Ke\u017emarok, Medzin\u00e1rodn\u00fd kni\u017en\u00fd\u00a0festival BRaK, Noc literat\u00fary\u00a0at\u010f.).<\/p>\n<p>Toto \u0161t\u00fadium vn\u00edmam ako dostupn\u00e9 privil\u00e9gium, odrazov\u00fdm most\u00edkom k nemu je t\u00fa\u017eba po poznan\u00ed, dosahovan\u00ed osobn\u00fdch cie\u013eov, ale i roz\u0161irovan\u00ed priestoru mo\u017enost\u00ed, ktor\u00e9 n\u00e1s vedia spr\u00e1vne nasmerova\u0165, ukotvi\u0165, s\u00fa\u010dasne doda\u0165 odvahu jasnej\u0161ie, najm\u00e4 erudovanej\u0161ie si st\u00e1\u0165 za svojimi n\u00e1zormi a pr\u00e1cou. Ak by som sa mala e\u0161te raz rozhodn\u00fa\u0165, \u010di str\u00e1vi\u0165 nieko\u013eko rokov na p\u00f4de \u00daSvL SAV, urobila by som to ist\u00e9 ako pred rokmi.<\/p>\n<p>\u010cas v \u00daSvL SAV sa odzrkadlil\u00a0na v\u0161etkom, \u010do rob\u00edm. \u010ci u\u017e je to p\u00edsanie pre dom\u00e1ce a zahrani\u010dn\u00e9 magaz\u00edny, alebo s\u00fa to samotn\u00e9 knihy a\u00a0je to aj firma, v\u00a0ktorej zastre\u0161ujem komunik\u00e1ciu na soci\u00e1lnych sie\u0165ach pre dom\u00e1ci i\u00a0zahrani\u010dn\u00fd\u00a0s\u00fakromn\u00fd sektor. Ako raz povedal dedko mojej b\u00fdvalej kolegyne, vtedaj\u0161ej\u00a0spoludoktorandky\u00a0v \u00daSvL SAV,\u00a0Krist\u00edny K\u00e1llay, fotograf Karol K\u00e1llay, v\u0161etko vz\u00e1cne, \u010do vid\u00edme, po\u010dujeme, za\u017eijeme, to v\u0161etko n\u00e1s kreuje, ud\u00e1va na\u0161e smerovanie.<\/p>\n<p>Ak e\u0161te aj po t\u00fdchto riadkoch v\u00e1hate, moja rada znie, cho\u010fte do toho. Bude v\u00e1s to st\u00e1\u0165 ve\u013ea energie, hod\u00edn nad knihami a pravdepodobne aj kritiky, ale ak je kon\u0161trukt\u00edvna, to m\u00e1me radi, no nie?\u00a0\ud83d\ude42<\/p>\n","protected":false},"excerpt":{"rendered":"<p>\u00dastav svetovej literat\u00fary SAV, v. v. i., pon\u00faka \u0161tvorro\u010dn\u00e9 intern\u00e9 doktorandsk\u00e9 \u0161t\u00fadium v \u0161tudijnom programe Liter\u00e1rna veda (viac inform\u00e1ci\u00ed TU). Na\u0161\u00edm \u00fastavom pre\u0161lo u\u017e ve\u013ea \u00faspe\u0161n\u00fdch doktorandiek a doktorandov, ktor\u00ed sa po obh\u00e1jen\u00ed dizerta\u010dnej pr\u00e1ce vydali r\u00f4znymi cestami. Postupne sa p\u00fdtame viacer\u00fdch v\u00fdrazn\u00fdch osobnost\u00ed kult\u00farneho \u010di univerzitn\u00e9ho \u017eivota spomedzi nich, na\u010do im bolo doktorandsk\u00e9 \u0161t\u00fadium &hellip; <a href=\"https:\/\/usvl.sav.sk\/wp\/?p=6741\" class=\"more-link\">Pokra\u010dova\u0165 na <span class=\"screen-reader-text\">Tamara \u0160imon\u010d\u00edkov\u00e1 Heribanov\u00e1, PhD. #nacomijedoktorandskestudium<\/span> <span class=\"meta-nav\">&rarr;<\/span><\/a><\/p>\n","protected":false},"author":1,"featured_media":0,"comment_status":"closed","ping_status":"closed","sticky":false,"template":"","format":"standard","meta":{"footnotes":""},"categories":[26,1],"tags":[],"class_list":["post-6741","post","type-post","status-publish","format-standard","hentry","category-phd-studium","category-rozne"],"_links":{"self":[{"href":"https:\/\/usvl.sav.sk\/wp\/index.php?rest_route=\/wp\/v2\/posts\/6741","targetHints":{"allow":["GET"]}}],"collection":[{"href":"https:\/\/usvl.sav.sk\/wp\/index.php?rest_route=\/wp\/v2\/posts"}],"about":[{"href":"https:\/\/usvl.sav.sk\/wp\/index.php?rest_route=\/wp\/v2\/types\/post"}],"author":[{"embeddable":true,"href":"https:\/\/usvl.sav.sk\/wp\/index.php?rest_route=\/wp\/v2\/users\/1"}],"replies":[{"embeddable":true,"href":"https:\/\/usvl.sav.sk\/wp\/index.php?rest_route=%2Fwp%2Fv2%2Fcomments&post=6741"}],"version-history":[{"count":13,"href":"https:\/\/usvl.sav.sk\/wp\/index.php?rest_route=\/wp\/v2\/posts\/6741\/revisions"}],"predecessor-version":[{"id":6760,"href":"https:\/\/usvl.sav.sk\/wp\/index.php?rest_route=\/wp\/v2\/posts\/6741\/revisions\/6760"}],"wp:attachment":[{"href":"https:\/\/usvl.sav.sk\/wp\/index.php?rest_route=%2Fwp%2Fv2%2Fmedia&parent=6741"}],"wp:term":[{"taxonomy":"category","embeddable":true,"href":"https:\/\/usvl.sav.sk\/wp\/index.php?rest_route=%2Fwp%2Fv2%2Fcategories&post=6741"},{"taxonomy":"post_tag","embeddable":true,"href":"https:\/\/usvl.sav.sk\/wp\/index.php?rest_route=%2Fwp%2Fv2%2Ftags&post=6741"}],"curies":[{"name":"wp","href":"https:\/\/api.w.org\/{rel}","templated":true}]}}