{"id":6509,"date":"2024-01-14T12:33:09","date_gmt":"2024-01-14T12:33:09","guid":{"rendered":"https:\/\/usvl.sav.sk\/wp\/?p=6509"},"modified":"2025-08-07T10:55:50","modified_gmt":"2025-08-07T10:55:50","slug":"jana-cvikova-o-hane-gregorovej-v-podcaste-tv-joj","status":"publish","type":"post","link":"https:\/\/usvl.sav.sk\/wp\/?p=6509","title":{"rendered":"Jana Cvikov\u00e1 o Hane Gregorovej v podcaste TV JOJ"},"content":{"rendered":"<p>Pred rokom udelila prezidentka Zuzana \u010caputov\u00e1 Rad \u013dudov\u00edta \u0160t\u00fara II. triedy in memoriam spisovate\u013eke, kult\u00farnej dejate\u013eke, feministke a antifa\u0161istke Hane Gregorovej. V podcaste sa o nej zhov\u00e1rali redaktorka TV JOJ J\u00falia Zelenkov\u00e1 a liter\u00e1rna vedky\u0148a, feministka Jana Cvikov\u00e1, ktor\u00e1 hovorila o p\u00edsan\u00ed aj postojoch Hany Gregorovej.<\/p>\n<p>Podcast si vypo\u010dujte <a href=\"https:\/\/www.youtube.com\/watch?v=Vh8BL7EJZqU&amp;t=853s\">TU<\/a>.<\/p>\n<p><a href=\"https:\/\/usvl.sav.sk\/wp\/wp-content\/uploads\/tv-joj95.png\"><img loading=\"lazy\" decoding=\"async\" class=\"alignleft size-large wp-image-6513\" src=\"https:\/\/usvl.sav.sk\/wp\/wp-content\/uploads\/tv-joj95-1024x576.png\" alt=\"\" width=\"604\" height=\"340\" srcset=\"https:\/\/usvl.sav.sk\/wp\/wp-content\/uploads\/tv-joj95-1024x576.png 1024w, https:\/\/usvl.sav.sk\/wp\/wp-content\/uploads\/tv-joj95-300x169.png 300w, https:\/\/usvl.sav.sk\/wp\/wp-content\/uploads\/tv-joj95-768x432.png 768w, https:\/\/usvl.sav.sk\/wp\/wp-content\/uploads\/tv-joj95-1536x864.png 1536w, https:\/\/usvl.sav.sk\/wp\/wp-content\/uploads\/tv-joj95.png 1824w\" sizes=\"auto, (max-width: 604px) 100vw, 604px\" \/><\/a><\/p>\n<p>&nbsp;<\/p>\n<p>&nbsp;<\/p>\n<p>&nbsp;<\/p>\n<p>&nbsp;<\/p>\n<p>&nbsp;<\/p>\n<p>&nbsp;<\/p>\n<p>&nbsp;<\/p>\n<p>&nbsp;<\/p>\n<p>Opravy prerieknut\u00ed, ktor\u00e9 sa vl\u00fadili do r\u00fdchleho podcastov\u00e9ho tempa n\u00e1jdete <a href=\"http:\/\/www.aspekt.sk\/content\/aspektin\/hana-gregorova-v-podcaste-tv-joj-pacilo-sa-mi-ze-bola-papulnata\">TU<\/a>.<\/p>\n<p>\u0160t\u00fadiu Dany Hu\u010dkovej z \u00daSlL SAV o zbierke Hany Gregorovej <em>\u017deny s<\/em>i pre\u010d\u00edtajte <a href=\"https:\/\/www.sav.sk\/?lang=en&amp;doc=journal-list&amp;part=article_response_page&amp;journal_article_no=28331\">TU<\/a>.<\/p>\n","protected":false},"excerpt":{"rendered":"<p>Pred rokom udelila prezidentka Zuzana \u010caputov\u00e1 Rad \u013dudov\u00edta \u0160t\u00fara II. triedy in memoriam spisovate\u013eke, kult\u00farnej dejate\u013eke, feministke a antifa\u0161istke Hane Gregorovej. V podcaste sa o nej zhov\u00e1rali redaktorka TV JOJ J\u00falia Zelenkov\u00e1 a liter\u00e1rna vedky\u0148a, feministka Jana Cvikov\u00e1, ktor\u00e1 hovorila o p\u00edsan\u00ed aj postojoch Hany Gregorovej. Podcast si vypo\u010dujte TU. &nbsp; &nbsp; &nbsp; &nbsp; &nbsp; &hellip; <a href=\"https:\/\/usvl.sav.sk\/wp\/?p=6509\" class=\"more-link\">Pokra\u010dova\u0165 na <span class=\"screen-reader-text\">Jana Cvikov\u00e1 o Hane Gregorovej v podcaste TV JOJ<\/span> <span class=\"meta-nav\">&rarr;<\/span><\/a><\/p>\n","protected":false},"author":1,"featured_media":0,"comment_status":"closed","ping_status":"closed","sticky":false,"template":"","format":"video","meta":{"footnotes":""},"categories":[41,37,1],"tags":[],"class_list":["post-6509","post","type-post","status-publish","format-video","hentry","category-prezentacie","category-audio-a-videozaznamy","category-rozne","post_format-post-format-video"],"_links":{"self":[{"href":"https:\/\/usvl.sav.sk\/wp\/index.php?rest_route=\/wp\/v2\/posts\/6509","targetHints":{"allow":["GET"]}}],"collection":[{"href":"https:\/\/usvl.sav.sk\/wp\/index.php?rest_route=\/wp\/v2\/posts"}],"about":[{"href":"https:\/\/usvl.sav.sk\/wp\/index.php?rest_route=\/wp\/v2\/types\/post"}],"author":[{"embeddable":true,"href":"https:\/\/usvl.sav.sk\/wp\/index.php?rest_route=\/wp\/v2\/users\/1"}],"replies":[{"embeddable":true,"href":"https:\/\/usvl.sav.sk\/wp\/index.php?rest_route=%2Fwp%2Fv2%2Fcomments&post=6509"}],"version-history":[{"count":8,"href":"https:\/\/usvl.sav.sk\/wp\/index.php?rest_route=\/wp\/v2\/posts\/6509\/revisions"}],"predecessor-version":[{"id":7639,"href":"https:\/\/usvl.sav.sk\/wp\/index.php?rest_route=\/wp\/v2\/posts\/6509\/revisions\/7639"}],"wp:attachment":[{"href":"https:\/\/usvl.sav.sk\/wp\/index.php?rest_route=%2Fwp%2Fv2%2Fmedia&parent=6509"}],"wp:term":[{"taxonomy":"category","embeddable":true,"href":"https:\/\/usvl.sav.sk\/wp\/index.php?rest_route=%2Fwp%2Fv2%2Fcategories&post=6509"},{"taxonomy":"post_tag","embeddable":true,"href":"https:\/\/usvl.sav.sk\/wp\/index.php?rest_route=%2Fwp%2Fv2%2Ftags&post=6509"}],"curies":[{"name":"wp","href":"https:\/\/api.w.org\/{rel}","templated":true}]}}