{"id":6009,"date":"2023-05-03T09:04:57","date_gmt":"2023-05-03T09:04:57","guid":{"rendered":"https:\/\/usvl.sav.sk\/wp\/?p=6009"},"modified":"2023-05-16T16:05:18","modified_gmt":"2023-05-16T16:05:18","slug":"teoria-interdiskurzu-teoreticky-ramec-operacionalizacia-priklady-analyzy","status":"publish","type":"post","link":"https:\/\/usvl.sav.sk\/wp\/?p=6009","title":{"rendered":"Te\u00f3ria interdiskurzu. Teoretick\u00fd r\u00e1mec \u2013 operacionaliz\u00e1cia \u2013 pr\u00edklady anal\u00fdzy"},"content":{"rendered":"<figure id=\"attachment_6010\" aria-describedby=\"caption-attachment-6010\" style=\"width: 300px\" class=\"wp-caption alignleft\"><a href=\"https:\/\/usvl.sav.sk\/wp\/wp-content\/uploads\/Rolf_Parr.jpg\"><img loading=\"lazy\" decoding=\"async\" class=\"size-medium wp-image-6010\" src=\"https:\/\/usvl.sav.sk\/wp\/wp-content\/uploads\/Rolf_Parr-300x300.jpg\" alt=\"\" width=\"300\" height=\"300\" srcset=\"https:\/\/usvl.sav.sk\/wp\/wp-content\/uploads\/Rolf_Parr-300x300.jpg 300w, https:\/\/usvl.sav.sk\/wp\/wp-content\/uploads\/Rolf_Parr-150x150.jpg 150w, https:\/\/usvl.sav.sk\/wp\/wp-content\/uploads\/Rolf_Parr.jpg 600w\" sizes=\"auto, (max-width: 300px) 100vw, 300px\" \/><\/a><figcaption id=\"caption-attachment-6010\" class=\"wp-caption-text\">FOTO &#8211; transcript-publishing.com<\/figcaption><\/figure>\n<p>Hos\u0165ovsk\u00e1 predn\u00e1\u0161ka \/ Gastvortrag: <em>Interdiskurstheorie. Theoretischer Rahmen \u2013 Operationalisierung \u2013 Analysebeispiele \/ Te\u00f3ria interdiskurzu. Teoretick\u00fd r\u00e1mec \u2013 operacionaliz\u00e1cia \u2013 pr\u00edklady anal\u00fdzy<\/em><\/p>\n<p><strong>Prof. Dr. Rolf Parr<br \/>\n<\/strong>(Universit\u00e4t Duisburg-Essen, Fakult\u00e4t f\u00fcr Geisteswissenschaften, Germanistik \/Literatur- und Medienwissenschaft\/)<strong><br \/>\n<\/strong><\/p>\n<p><strong>10. m\u00e1j 2023 (streda) o 14.00 hod.<\/strong><br \/>\n\u00dastav svetovej literat\u00fary SAV, v. v. i., zasadacia miestnos\u0165 + online, in deutscher Sprache\/tlmo\u010denie do sloven\u010diny<\/p>\n<p>Prv\u00e1 \u010das\u0165 predn\u00e1\u0161ky predstav\u00ed pr\u00edstup zalo\u017een\u00fd na te\u00f3rii a anal\u00fdze interdiskurzov, ako sa v posledn\u00fdch desa\u0165ro\u010diach rozv\u00edjal v oblasti liter\u00e1rnej a kult\u00farnej vedy na univerzit\u00e1ch v Bochume, Dortmunde a Duisburgu-Essene. Druh\u00e1 \u010das\u0165 bude prostredn\u00edctvom pr\u00edkladov anal\u00fdzy kolekt\u00edvnych symbolov demon\u0161trova\u0165 prechod od te\u00f3rie k anal\u00fdze interdiskurzov, t. j. transfer te\u00f3rie do s\u00faboru analytick\u00fdch n\u00e1strojov. Tretia \u010das\u0165 predn\u00e1\u0161ky sa bude venova\u0165 niektor\u00fdm konkr\u00e9tnym pr\u00edkladom z oblasti politiky a formovania kult\u00farnych alebo liter\u00e1rnych skup\u00edn, a to v s\u00favislosti s ot\u00e1zkou, ako mo\u017eno pomocou te\u00f3rie interdiskurzov uchopi\u0165 kolekt\u00edvne a individu\u00e1lne identity. <!--more-->Ide o s\u00fahru integr\u00e1cie praxe, t. j. soci\u00e1lnych podoblast\u00ed prepojen\u00fdch interdiskurz\u00edvnymi prvkami (formuj\u00faci projekt) so z\u00fa\u010dastnen\u00fdmi soci\u00e1lnymi vrstvami \u2013 alebo \u201etriedami\u201c \u010di \u201eprostrediami\u201c (soci\u00e1lny projekt). Z\u00e1vere\u010dn\u00e1 rekapitul\u00e1cia zhrnie n\u00e1slednos\u0165 mo\u017en\u00fdch krokov anal\u00fdzy interdiskurzov.<\/p>\n<p>Hos\u0165ovsk\u00e1 predn\u00e1\u0161ka sa kon\u00e1 v r\u00e1mci projektu VEGA 2\/0111\/20<em> Interdiskurz\u00edvne kon\u0161truovanie reality v literat\u00fare<\/em> v spolupr\u00e1ci s Filozofickou fakultou Univerzity Mateja Bela v Banskej Bystrici.<\/p>\n<p><strong>Link na pripojenie cez Zoom:<\/strong><br \/>\nhttps:\/\/us06web.zoom.us\/j\/88058465470?pwd=R2s3eFUwdW1ZWnlNTVR2c1MzOU8vZz09<br \/>\nMeeting ID: 880 5846 5470<br \/>\nPasscode: 930501<\/p>\n<p>In einem ersten Teil wird der Ansatz der Interdiskurstheorie\/Interdiskursanalyse dargestellt, wie er in den letzten Jahrzehnten an den Universit\u00e4ten Bochum, Dortmund und Duisburg-Essen in den Literatur- und Kulturwissenschaften entwickelt wurde. <div class='yrm-content yrm-content-1 yrm-content-hide  ' id='yrm-qn1OV' data-id='1' data-show-status='false' data-after-action='' style=\"visibility: hidden;height: 0;\">\n\t\t\t<div id='yrm-inner-content-yrm-qn1OV' class='yrm-inner-content-wrapper yrm-cntent-1'> In einem zweiten Schritt wird dann am Beispiel der Analyse von Kollektivsymbolen gezeigt, wie der \u00dcbergang von der Interdiskurstheorie zur Interdiskursanalyse aussehen kann, also die \u00dcberf\u00fchrung der Theorie in ein Analyseinstrumentarium. Einige konkrete Beispiele aus Politik und zur kulturellen bzw. literarischen Gruppenbildung nimmt ein dritter Teil in den Blick und zwar entlang der Frage, wie sich kollektive und individuelle Identit\u00e4ten interdiskurstheoretisch fassen lassen. Dabei geht es um das Zusammenspiel von Praktikenintegration, also um die durch interdiskursive Elemente miteinander verkn\u00fcpfte gesellschaftliche Teilbereiche (formierendes Projekt), mit den beteiligten gesellschaftlichen Strata \u2013 wenn man so will den \u201aSchichten\u2018 \u201aKlassen\u2018 und \u201aMilieus\u2018 (soziales Projekt). Den Abschluss bildet \u2013 sofern es die Zeit zul\u00e4sst \u2013 eine Zusammenfassung der Abfolge der m\u00f6glichen Schritte einer Interdiskursanalyse der hier vorgestellten Art.<\/p>\n<p><strong>Zoom-Meeting beitreten:<\/strong><br \/>\nhttps:\/\/us06web.zoom.us\/j\/88058465470?pwd=R2s3eFUwdW1ZWnlNTVR2c1MzOU8vZz09<br \/>\nMeeting-ID: 880 5846 5470<br \/>\nKenncode: 930501<\/div>\n\t\t<\/div><div class='yrm-btn-wrapper yrm-inline-wrapper yrm-btn-wrapper-1  yrm-more-button-wrapper '><span title='' data-less-title='' data-more-title=''  class='yrm-toggle-expand  yrm-toggle-expand-1' data-rel='yrm-qn1OV' data-more='\u010c\u00edta\u0165 \u010falej \u2192' data-less='Skry\u0165' style='border: none; width: 100%;'><span class=\"yrm-button-text-1 yrm-button-text-span\">\u010c\u00edta\u0165 \u010falej \u2192<\/span><\/span><\/div><\/p>\n","protected":false},"excerpt":{"rendered":"<p>Hos\u0165ovsk\u00e1 predn\u00e1\u0161ka \/ Gastvortrag: Interdiskurstheorie. Theoretischer Rahmen \u2013 Operationalisierung \u2013 Analysebeispiele \/ Te\u00f3ria interdiskurzu. Teoretick\u00fd r\u00e1mec \u2013 operacionaliz\u00e1cia \u2013 pr\u00edklady anal\u00fdzy Prof. Dr. Rolf Parr (Universit\u00e4t Duisburg-Essen, Fakult\u00e4t f\u00fcr Geisteswissenschaften, Germanistik \/Literatur- und Medienwissenschaft\/) 10. m\u00e1j 2023 (streda) o 14.00 hod. \u00dastav svetovej literat\u00fary SAV, v. v. i., zasadacia miestnos\u0165 + online, in deutscher Sprache\/tlmo\u010denie &hellip; <a href=\"https:\/\/usvl.sav.sk\/wp\/?p=6009\" class=\"more-link\">Pokra\u010dova\u0165 na <span class=\"screen-reader-text\">Te\u00f3ria interdiskurzu. Teoretick\u00fd r\u00e1mec \u2013 operacionaliz\u00e1cia \u2013 pr\u00edklady anal\u00fdzy<\/span> <span class=\"meta-nav\">&rarr;<\/span><\/a><\/p>\n","protected":false},"author":1,"featured_media":0,"comment_status":"closed","ping_status":"closed","sticky":false,"template":"","format":"standard","meta":{"footnotes":""},"categories":[10,13],"tags":[],"class_list":["post-6009","post","type-post","status-publish","format-standard","hentry","category-pozvanky","category-udalosti"],"_links":{"self":[{"href":"https:\/\/usvl.sav.sk\/wp\/index.php?rest_route=\/wp\/v2\/posts\/6009","targetHints":{"allow":["GET"]}}],"collection":[{"href":"https:\/\/usvl.sav.sk\/wp\/index.php?rest_route=\/wp\/v2\/posts"}],"about":[{"href":"https:\/\/usvl.sav.sk\/wp\/index.php?rest_route=\/wp\/v2\/types\/post"}],"author":[{"embeddable":true,"href":"https:\/\/usvl.sav.sk\/wp\/index.php?rest_route=\/wp\/v2\/users\/1"}],"replies":[{"embeddable":true,"href":"https:\/\/usvl.sav.sk\/wp\/index.php?rest_route=%2Fwp%2Fv2%2Fcomments&post=6009"}],"version-history":[{"count":10,"href":"https:\/\/usvl.sav.sk\/wp\/index.php?rest_route=\/wp\/v2\/posts\/6009\/revisions"}],"predecessor-version":[{"id":6285,"href":"https:\/\/usvl.sav.sk\/wp\/index.php?rest_route=\/wp\/v2\/posts\/6009\/revisions\/6285"}],"wp:attachment":[{"href":"https:\/\/usvl.sav.sk\/wp\/index.php?rest_route=%2Fwp%2Fv2%2Fmedia&parent=6009"}],"wp:term":[{"taxonomy":"category","embeddable":true,"href":"https:\/\/usvl.sav.sk\/wp\/index.php?rest_route=%2Fwp%2Fv2%2Fcategories&post=6009"},{"taxonomy":"post_tag","embeddable":true,"href":"https:\/\/usvl.sav.sk\/wp\/index.php?rest_route=%2Fwp%2Fv2%2Ftags&post=6009"}],"curies":[{"name":"wp","href":"https:\/\/api.w.org\/{rel}","templated":true}]}}