{"id":5938,"date":"2023-03-23T22:23:20","date_gmt":"2023-03-23T22:23:20","guid":{"rendered":"https:\/\/usvl.sav.sk\/wp\/?p=5938"},"modified":"2023-03-23T22:50:31","modified_gmt":"2023-03-23T22:50:31","slug":"adam-bzoch-whats-left","status":"publish","type":"post","link":"https:\/\/usvl.sav.sk\/wp\/?p=5938","title":{"rendered":"Adam B\u017eoch: What\u2019s Left?"},"content":{"rendered":"<p>Aktu\u00e1lne \u010d\u00edslo \u010dasopisu Kapit\u00e1l je venovan\u00e9 odkazu Frankfurtskej \u0161koly. Jeho editorka Michaela Hu\u010dko Pa\u0161tekov\u00e1 o z\u00e1mere tohto tematick\u00e9ho \u010d\u00edsla nap\u00edsala: Venujeme sa v \u0148om \u201epostav\u00e1m takzvanej Frankfurtskej \u0161koly, ktor\u00e1 priniesla kritick\u00fa te\u00f3riu. Amb\u00edciou v\u0161ak nebolo vytvori\u0165 ak\u00fasi historick\u00fa encyklop\u00e9diu osobnost\u00ed, ale uk\u00e1za\u0165, v \u010dom s\u00fa ich anal\u00fdzy fa\u0161izmu, masm\u00e9di\u00ed, populizmu, pr\u00edrody \u010di spolo\u010dnosti st\u00e1le aktu\u00e1lne a in\u0161pirat\u00edvne.\u201c<\/p>\n<p>\u00davodn\u00e1 anal\u00fdza profesora B\u017eocha h\u013ead\u00e1 odpovede na ot\u00e1zku, \u010do z tohto intelektu\u00e1lneho dedi\u010dstva zostalo a pre\u010do. Pre\u010d\u00edtajte si ju online:<\/p>\n<blockquote class=\"wp-embedded-content\" data-secret=\"WZjVkmCose\"><p><a href=\"https:\/\/kapital-noviny.sk\/whats-left\/\">What&#8217;s Left?<\/a><\/p><\/blockquote>\n<p><iframe loading=\"lazy\" class=\"wp-embedded-content\" sandbox=\"allow-scripts\" security=\"restricted\" style=\"position: absolute; clip: rect(1px, 1px, 1px, 1px);\" title=\"&#8220;What&#8217;s Left?&#8221; &#8212; Kapit\u00e1l noviny\" src=\"https:\/\/kapital-noviny.sk\/whats-left\/embed\/#?secret=wHTzqXHN0l#?secret=WZjVkmCose\" data-secret=\"WZjVkmCose\" width=\"600\" height=\"338\" frameborder=\"0\" marginwidth=\"0\" marginheight=\"0\" scrolling=\"no\"><\/iframe><\/p>\n<p>&nbsp;<\/p>\n<p>&nbsp;<\/p>\n","protected":false},"excerpt":{"rendered":"<p>Aktu\u00e1lne \u010d\u00edslo \u010dasopisu Kapit\u00e1l je venovan\u00e9 odkazu Frankfurtskej \u0161koly. Jeho editorka Michaela Hu\u010dko Pa\u0161tekov\u00e1 o z\u00e1mere tohto tematick\u00e9ho \u010d\u00edsla nap\u00edsala: Venujeme sa v \u0148om \u201epostav\u00e1m takzvanej Frankfurtskej \u0161koly, ktor\u00e1 priniesla kritick\u00fa te\u00f3riu. Amb\u00edciou v\u0161ak nebolo vytvori\u0165 ak\u00fasi historick\u00fa encyklop\u00e9diu osobnost\u00ed, ale uk\u00e1za\u0165, v \u010dom s\u00fa ich anal\u00fdzy fa\u0161izmu, masm\u00e9di\u00ed, populizmu, pr\u00edrody \u010di spolo\u010dnosti st\u00e1le aktu\u00e1lne &hellip; <a href=\"https:\/\/usvl.sav.sk\/wp\/?p=5938\" class=\"more-link\">Pokra\u010dova\u0165 na <span class=\"screen-reader-text\">Adam B\u017eoch: What\u2019s Left?<\/span> <span class=\"meta-nav\">&rarr;<\/span><\/a><\/p>\n","protected":false},"author":1,"featured_media":0,"comment_status":"closed","ping_status":"closed","sticky":false,"template":"","format":"standard","meta":{"footnotes":""},"categories":[1],"tags":[],"class_list":["post-5938","post","type-post","status-publish","format-standard","hentry","category-rozne"],"_links":{"self":[{"href":"https:\/\/usvl.sav.sk\/wp\/index.php?rest_route=\/wp\/v2\/posts\/5938","targetHints":{"allow":["GET"]}}],"collection":[{"href":"https:\/\/usvl.sav.sk\/wp\/index.php?rest_route=\/wp\/v2\/posts"}],"about":[{"href":"https:\/\/usvl.sav.sk\/wp\/index.php?rest_route=\/wp\/v2\/types\/post"}],"author":[{"embeddable":true,"href":"https:\/\/usvl.sav.sk\/wp\/index.php?rest_route=\/wp\/v2\/users\/1"}],"replies":[{"embeddable":true,"href":"https:\/\/usvl.sav.sk\/wp\/index.php?rest_route=%2Fwp%2Fv2%2Fcomments&post=5938"}],"version-history":[{"count":5,"href":"https:\/\/usvl.sav.sk\/wp\/index.php?rest_route=\/wp\/v2\/posts\/5938\/revisions"}],"predecessor-version":[{"id":5943,"href":"https:\/\/usvl.sav.sk\/wp\/index.php?rest_route=\/wp\/v2\/posts\/5938\/revisions\/5943"}],"wp:attachment":[{"href":"https:\/\/usvl.sav.sk\/wp\/index.php?rest_route=%2Fwp%2Fv2%2Fmedia&parent=5938"}],"wp:term":[{"taxonomy":"category","embeddable":true,"href":"https:\/\/usvl.sav.sk\/wp\/index.php?rest_route=%2Fwp%2Fv2%2Fcategories&post=5938"},{"taxonomy":"post_tag","embeddable":true,"href":"https:\/\/usvl.sav.sk\/wp\/index.php?rest_route=%2Fwp%2Fv2%2Ftags&post=5938"}],"curies":[{"name":"wp","href":"https:\/\/api.w.org\/{rel}","templated":true}]}}