{"id":5932,"date":"2023-03-22T11:44:02","date_gmt":"2023-03-22T11:44:02","guid":{"rendered":"https:\/\/usvl.sav.sk\/wp\/?p=5932"},"modified":"2023-03-22T11:53:48","modified_gmt":"2023-03-22T11:53:48","slug":"najlepsie-vysledky-zo-sav-publikacia-romana-mikulasa","status":"publish","type":"post","link":"https:\/\/usvl.sav.sk\/wp\/?p=5932","title":{"rendered":"Najlep\u0161ie v\u00fdsledky zo SAV \u2013 publik\u00e1cia Romana Mikul\u00e1\u0161a"},"content":{"rendered":"<p>Pri pr\u00edle\u017eitosti 70. v\u00fdro\u010dia svojej existencie uverej\u0148uje Slovensk\u00e1 akad\u00e9mia vied inform\u00e1cie o najlep\u0161\u00edch v\u00fdsledkoch vedeckej pr\u00e1ce \u00fastavov. Jedn\u00fdm z nich je medzin\u00e1rodn\u00e1 kolekt\u00edvna publik\u00e1cia<a href=\"https:\/\/www.sav.sk\/?lang=sk&amp;doc=activity-monography-response-page&amp;institute_no=66&amp;monography_id=109&amp;section=mono_details\"> V\u00fdskum metafory v interdisciplin\u00e1rnych a interdiskurz\u00edvnych perspekt\u00edvach<\/a>, ktor\u00e1 vy\u0161la v nem\u010dine vo vydavate\u013estve BRILL \/ mentis.<\/p>\n<p>Autorsk\u00fd kolekt\u00edv reflektuje metaforu ako fenom\u00e9n, ktor\u00fd n\u00e1s nepretr\u017eite sprev\u00e1dza a formuje n\u00e1\u0161 orienta\u010dn\u00fd priestor, komunik\u00e1ciu a myslenie. V metafor\u00e1ch vznik\u00e1 a existuje na\u0161a realita. Tento proces mo\u017eno sk\u00fama\u0165 z viacer\u00fdch perspekt\u00edv vied o \u010dloveku, pri\u010dom v z\u00e1vislosti od danej perspekt\u00edvy m\u00f4\u017eeme n\u00e1js\u0165 \u0161pecifick\u00e9 odpovede na ot\u00e1zku komunikat\u00edvno-kon\u0161trukt\u00edvneho charakteru skuto\u010dnosti. Preto je zmyslupln\u00e9 p\u00fdta\u0165 sa, \u010do metafory pre na\u0161e myslenie a konanie znamenaj\u00fa a ako ho (re)\u0161trukturuj\u00fa. Autori a autorky \u0161t\u00fadi\u00ed nevn\u00edmaj\u00fa metaforu prim\u00e1rne ako fenom\u00e9n syst\u00e9mu jazyka, sk\u00f4r ako zvl\u00e1\u0161tny druh prepojenia kogn\u00edcie a komunik\u00e1cie.<\/p>\n","protected":false},"excerpt":{"rendered":"<p>Pri pr\u00edle\u017eitosti 70. v\u00fdro\u010dia svojej existencie uverej\u0148uje Slovensk\u00e1 akad\u00e9mia vied inform\u00e1cie o najlep\u0161\u00edch v\u00fdsledkoch vedeckej pr\u00e1ce \u00fastavov. Jedn\u00fdm z nich je medzin\u00e1rodn\u00e1 kolekt\u00edvna publik\u00e1cia V\u00fdskum metafory v interdisciplin\u00e1rnych a interdiskurz\u00edvnych perspekt\u00edvach, ktor\u00e1 vy\u0161la v nem\u010dine vo vydavate\u013estve BRILL \/ mentis. Autorsk\u00fd kolekt\u00edv reflektuje metaforu ako fenom\u00e9n, ktor\u00fd n\u00e1s nepretr\u017eite sprev\u00e1dza a formuje n\u00e1\u0161 orienta\u010dn\u00fd priestor, &hellip; <a href=\"https:\/\/usvl.sav.sk\/wp\/?p=5932\" class=\"more-link\">Pokra\u010dova\u0165 na <span class=\"screen-reader-text\">Najlep\u0161ie v\u00fdsledky zo SAV \u2013 publik\u00e1cia Romana Mikul\u00e1\u0161a<\/span> <span class=\"meta-nav\">&rarr;<\/span><\/a><\/p>\n","protected":false},"author":1,"featured_media":5929,"comment_status":"closed","ping_status":"closed","sticky":false,"template":"","format":"standard","meta":{"footnotes":""},"categories":[1],"tags":[],"class_list":["post-5932","post","type-post","status-publish","format-standard","has-post-thumbnail","hentry","category-rozne"],"_links":{"self":[{"href":"https:\/\/usvl.sav.sk\/wp\/index.php?rest_route=\/wp\/v2\/posts\/5932","targetHints":{"allow":["GET"]}}],"collection":[{"href":"https:\/\/usvl.sav.sk\/wp\/index.php?rest_route=\/wp\/v2\/posts"}],"about":[{"href":"https:\/\/usvl.sav.sk\/wp\/index.php?rest_route=\/wp\/v2\/types\/post"}],"author":[{"embeddable":true,"href":"https:\/\/usvl.sav.sk\/wp\/index.php?rest_route=\/wp\/v2\/users\/1"}],"replies":[{"embeddable":true,"href":"https:\/\/usvl.sav.sk\/wp\/index.php?rest_route=%2Fwp%2Fv2%2Fcomments&post=5932"}],"version-history":[{"count":3,"href":"https:\/\/usvl.sav.sk\/wp\/index.php?rest_route=\/wp\/v2\/posts\/5932\/revisions"}],"predecessor-version":[{"id":5935,"href":"https:\/\/usvl.sav.sk\/wp\/index.php?rest_route=\/wp\/v2\/posts\/5932\/revisions\/5935"}],"wp:featuredmedia":[{"embeddable":true,"href":"https:\/\/usvl.sav.sk\/wp\/index.php?rest_route=\/wp\/v2\/media\/5929"}],"wp:attachment":[{"href":"https:\/\/usvl.sav.sk\/wp\/index.php?rest_route=%2Fwp%2Fv2%2Fmedia&parent=5932"}],"wp:term":[{"taxonomy":"category","embeddable":true,"href":"https:\/\/usvl.sav.sk\/wp\/index.php?rest_route=%2Fwp%2Fv2%2Fcategories&post=5932"},{"taxonomy":"post_tag","embeddable":true,"href":"https:\/\/usvl.sav.sk\/wp\/index.php?rest_route=%2Fwp%2Fv2%2Ftags&post=5932"}],"curies":[{"name":"wp","href":"https:\/\/api.w.org\/{rel}","templated":true}]}}