{"id":565,"date":"2016-04-13T14:12:42","date_gmt":"2016-04-13T14:12:42","guid":{"rendered":"http:\/\/usvl.sav.sk\/wp\/?p=565"},"modified":"2016-04-20T13:16:50","modified_gmt":"2016-04-20T13:16:50","slug":"565","status":"publish","type":"post","link":"https:\/\/usvl.sav.sk\/wp\/?p=565","title":{"rendered":"Hos\u0165ovsk\u00e1 predn\u00e1\u0161ka: doc. Charles D. Sabatos, PhD."},"content":{"rendered":"<p><!--more--><br \/>\n\u00daSTAV SVETOVEJ LITERAT\u00daRY SAV<br \/>\nV\u00e1s poz\u00fdva na hos\u0165ovsk\u00fa predn\u00e1\u0161ku s\u00a0diskusiou<br \/>\n<strong>doc. Charles D. Sabatos, PhD.<\/strong><br \/>\n(Yeditepe \u00dcniversitesi, Turecko)<br \/>\n<strong>Obraz Turka v stredoeur\u00f3pskej historickej pr\u00f3ze<\/strong><br \/>\nv stredu 20. apr\u00edla 2016 o 10:00<br \/>\nMiesto: \u00dastav svetovej literat\u00fary SAV, Konventn\u00e1 13, Bratislava<br \/>\n(Predn\u00e1\u0161ka aj diskusia bud\u00fa po slovensky.)<\/p>\n<p>Predn\u00e1\u0161ka predstav\u00ed obraz Turkov v stredoeur\u00f3pskej historickej pr\u00f3ze 19. a\u00a020. storo\u010dia, pri\u010dom sa zameria najm\u00e4 na slovensk\u00fa a ma\u010farsk\u00fa literat\u00faru. Pojem Andr\u00e9 Gingricha \u201ehrani\u010dn\u00fd orientalizmus\u201c rozli\u0161uje v rak\u00faskej kult\u00farnej pam\u00e4ti medzi \u201edobr\u00fdm moslimom\u201c a \u201ezl\u00fdm moslimom\u201c. Stredoeur\u00f3pska literat\u00fara vykazuje podobne nejednozna\u010dn\u00fd vz\u0165ah k moslimskej spolo\u010dnosti a kult\u00fare. Osmansk\u00e9 vp\u00e1dy do strednej Eur\u00f3py nadobudli po\u010das obdobia n\u00e1rodn\u00fdch obroden\u00ed metaforick\u00fd v\u00fdznam \u00fatlaku men\u0161inov\u00fdch ident\u00edt. V historickom rom\u00e1ne 20. storo\u010dia sa t\u00e1to t\u00e9ma stala exotick\u00fdm prvkom v snahe pritiahnu\u0165 \u010ditate\u013eov, zatia\u013e \u010do skeptickej\u0161ie pr\u00edstupy v \u010dase socializmu viedli k\u00a0ironickej\u0161iemu stv\u00e1r\u0148ovaniu \u201etureckej\u201c t\u00e9my.<\/p>\n<p>Doc. Charles Sabatos, PhD. je docentom porovn\u00e1vacej liter\u00e1rnej vedy na Univerzite Yeditepe v Istanbule.\u00a0 Moment\u00e1lne je \u0161tipendistom N\u0160P v \u00daSvL SAV. Poch\u00e1dza z USA, kde z\u00edskal doktor\u00e1t na Michiganskej univerzite. V minulosti bol Fulbrightov \u0161tipendista na Univerzite Komensk\u00e9ho. Vedecky sa zameriava na nadn\u00e1rodn\u00e9 kontexty stredo- a v\u00fdchodoeur\u00f3pskej literat\u00fary, najm\u00e4 v s\u00favislosti s modernou a s\u00fa\u010dasnou pr\u00f3zou.<\/p>\n","protected":false},"excerpt":{"rendered":"","protected":false},"author":1,"featured_media":0,"comment_status":"closed","ping_status":"open","sticky":false,"template":"","format":"standard","meta":{"footnotes":""},"categories":[10],"tags":[],"class_list":["post-565","post","type-post","status-publish","format-standard","hentry","category-pozvanky"],"_links":{"self":[{"href":"https:\/\/usvl.sav.sk\/wp\/index.php?rest_route=\/wp\/v2\/posts\/565","targetHints":{"allow":["GET"]}}],"collection":[{"href":"https:\/\/usvl.sav.sk\/wp\/index.php?rest_route=\/wp\/v2\/posts"}],"about":[{"href":"https:\/\/usvl.sav.sk\/wp\/index.php?rest_route=\/wp\/v2\/types\/post"}],"author":[{"embeddable":true,"href":"https:\/\/usvl.sav.sk\/wp\/index.php?rest_route=\/wp\/v2\/users\/1"}],"replies":[{"embeddable":true,"href":"https:\/\/usvl.sav.sk\/wp\/index.php?rest_route=%2Fwp%2Fv2%2Fcomments&post=565"}],"version-history":[{"count":10,"href":"https:\/\/usvl.sav.sk\/wp\/index.php?rest_route=\/wp\/v2\/posts\/565\/revisions"}],"predecessor-version":[{"id":708,"href":"https:\/\/usvl.sav.sk\/wp\/index.php?rest_route=\/wp\/v2\/posts\/565\/revisions\/708"}],"wp:attachment":[{"href":"https:\/\/usvl.sav.sk\/wp\/index.php?rest_route=%2Fwp%2Fv2%2Fmedia&parent=565"}],"wp:term":[{"taxonomy":"category","embeddable":true,"href":"https:\/\/usvl.sav.sk\/wp\/index.php?rest_route=%2Fwp%2Fv2%2Fcategories&post=565"},{"taxonomy":"post_tag","embeddable":true,"href":"https:\/\/usvl.sav.sk\/wp\/index.php?rest_route=%2Fwp%2Fv2%2Ftags&post=565"}],"curies":[{"name":"wp","href":"https:\/\/api.w.org\/{rel}","templated":true}]}}