{"id":5612,"date":"2022-12-20T15:00:11","date_gmt":"2022-12-20T15:00:11","guid":{"rendered":"https:\/\/usvl.sav.sk\/wp\/?p=5612"},"modified":"2023-02-10T09:24:12","modified_gmt":"2023-02-10T09:24:12","slug":"vyslo-nove-cislo-casopisu-world-literature-studies-4-2022-literatura-a-veda-v-kontexte-analyz-literarneho-interdiskurzu","status":"publish","type":"post","link":"https:\/\/usvl.sav.sk\/wp\/?p=5612","title":{"rendered":"Vy\u0161lo nov\u00e9 \u010d\u00edslo \u010dasopisu World Literature Studies 4\/2022: \u201eLiterat\u00fara a veda\u201c v kontexte anal\u00fdz liter\u00e1rneho interdiskurzu"},"content":{"rendered":"<p><strong><a href=\"https:\/\/usvl.sav.sk\/wp\/wp-content\/uploads\/WLS_4_2022.jpg\"><img loading=\"lazy\" decoding=\"async\" class=\"size-medium wp-image-5622 alignleft\" src=\"https:\/\/usvl.sav.sk\/wp\/wp-content\/uploads\/WLS_4_2022-208x300.jpg\" alt=\"\" width=\"208\" height=\"300\" srcset=\"https:\/\/usvl.sav.sk\/wp\/wp-content\/uploads\/WLS_4_2022-208x300.jpg 208w, https:\/\/usvl.sav.sk\/wp\/wp-content\/uploads\/WLS_4_2022-708x1024.jpg 708w, https:\/\/usvl.sav.sk\/wp\/wp-content\/uploads\/WLS_4_2022-768x1110.jpg 768w, https:\/\/usvl.sav.sk\/wp\/wp-content\/uploads\/WLS_4_2022.jpg 979w\" sizes=\"auto, (max-width: 208px) 100vw, 208px\" \/><\/a>Roman Mikul\u00e1\u0161<\/strong><br \/>\n<strong>J\u00e1n Jambor<\/strong><br \/>\n(eds.)<\/p>\n<p>Pr\u00e1ve vy\u0161lo posledn\u00e9 tohoro\u010dn\u00e9 \u010d\u00edslo \u010dasopisu World Literature Studies, ktor\u00e9 zostavili na\u0161i kolegovia v r\u00e1mci grantov\u00e9ho projektu <em>VEGA 2\/0111\/20 Interdiskurz\u00edvne<\/em><br \/>\n<em>kon\u0161truovanie reality v literat\u00fare \/ The Interdiscursive Construction of Reality in Literature.<\/em><\/p>\n<p>T\u00e9ma tohto \u010d\u00edsla reaguje na aktu\u00e1lne k\u013e\u00fa\u010dov\u00e9 ot\u00e1zky v\u00fdskumu sp\u00e4tosti literat\u00fary a vedy, pri\u010dom otv\u00e1ra dva z\u00e1kladn\u00e9 smery uva\u017eovania: ako literat\u00fara transformuje komplexn\u00e9 obsahy vedn\u00e9ho poznania a ak\u00fdm sp\u00f4sobom v\u00fdsostne liter\u00e1rne postupy formuj\u00fa vedn\u00fd diskurz. Koncep\u010dne sa \u0161t\u00fadie s\u00fastre\u010fuj\u00fa na uchopenie tohto v\u00fdskumn\u00e9ho celku prostredn\u00edctvom liter\u00e1rnovednej te\u00f3rie interdiskurzivity, teda anal\u00fdzy interdiskurzov.<\/p>\n<p>\u010c\u00edslo otv\u00e1ra preklad hos\u0165ovskej predn\u00e1\u0161ky Thomasa Klinkerta (Univerzita Z\u00fcrich) v \u00dastave svetovej literat\u00fary SAV, v. v. i., do sloven\u010diny. Polovica tematick\u00fdch \u0161t\u00fadi\u00ed je \u0161ir\u0161ie koncipovan\u00e1 a venuje sa zvolen\u00fdm liter\u00e1rnoteoretick\u00fdm a liter\u00e1rnodidaktick\u00fdm aspektom problematiky (Roman Mikul\u00e1\u0161, Monika Schmitz-Emans, Marko Juvan, Nathalie K\u00f3nya-Jobs). \u010eal\u0161ie \u0161t\u00fadie s\u00fa pr\u00edpadov\u00e9, zameriavaj\u00fa sa na tvorbu konkr\u00e9tneho autora \u010di autorky (Alina Bako, Marta Sou\u010dkov\u00e1, Carola Heinrich, Santiago Sevilla-Vallejo). V rubrike \u201eDiskusia\u201c n\u00e1jdete aktualiza\u010dn\u00fd pr\u00edspevok k 100. v\u00fdro\u010diu \u00famrtia v\u00fdznamn\u00e9ho franc\u00fazskeho spisovate\u013ea Marcela Prousta (10. 7. 1871 \u2013 18. 11. 1922) z pera Adama B\u017eocha.<\/p>\n<p>ROMAN MIKUL\u00c1\u0160<br \/>\nOd topol\u00f3gi\u00ed k typol\u00f3gi\u00e1m a sp\u00e4\u0165: K problematike \u0161trukt\u00farovania korel\u00e1ci\u00ed literat\u00fary,<br \/>\nvedy a poznania<br \/>\nMONIKA SCHMITZ-EMANS<br \/>\nApotheke, Baukasten, Randgang, Exkursion ins Imagin\u00e4re: Lexikographien wissenschaftlicher. Begriffe und Theorien als Beitr\u00e4ge zum literarisch-wissenschaftlichen Interdiskurs<br \/>\nMARKO JUVAN<br \/>\nThe essay and interdiscursivity: Knowledge between singularity and sensus communis<br \/>\nNATHALIE K\u00d3NYA-JOBS<br \/>\nLiterarhistorisches Verstehen auf Grundlage der Interdiskursanalyse f\u00f6rdern? Didaktische<br \/>\n\u00dcberlegungen zum Text-Kontext-Problem<br \/>\nALINA BAKO<br \/>\nCognitive cartographies in Liviu Rebreanu\u2019s \u201cForest of the Hanged\u201d<br \/>\nMARTA SOU\u010cKOV\u00c1<br \/>\nMedzi literat\u00farou a vedou \u2013 na materi\u00e1li textov Stanislava Rak\u00fasa<br \/>\nCAROLA HEINRICH<br \/>\nTheater und Wissen. Pflanzenphilosophie auf der B\u00fchne<br \/>\nSANTIAGO SEVILLA-VALLEJO<br \/>\nScience fiction, ecology of mind and the uncanny in \u201cDo Androids Dream of Electric Sheep?\u201d by Philip K. Dick<\/p>\n<p>Cel\u00fd obsah \u010d\u00edsla s prelinkovan\u00edm na jednotliv\u00e9 texty n\u00e1jdete <a href=\"https:\/\/www.sav.sk\/?lang=sk&amp;doc=journal-list&amp;part=list_articles&amp;journal_issue_no=11116736\">TU<\/a>.<\/p>\n","protected":false},"excerpt":{"rendered":"<p>Roman Mikul\u00e1\u0161 J\u00e1n Jambor (eds.) Pr\u00e1ve vy\u0161lo posledn\u00e9 tohoro\u010dn\u00e9 \u010d\u00edslo \u010dasopisu World Literature Studies, ktor\u00e9 zostavili na\u0161i kolegovia v r\u00e1mci grantov\u00e9ho projektu VEGA 2\/0111\/20 Interdiskurz\u00edvne kon\u0161truovanie reality v literat\u00fare \/ The Interdiscursive Construction of Reality in Literature. T\u00e9ma tohto \u010d\u00edsla reaguje na aktu\u00e1lne k\u013e\u00fa\u010dov\u00e9 ot\u00e1zky v\u00fdskumu sp\u00e4tosti literat\u00fary a vedy, pri\u010dom otv\u00e1ra dva z\u00e1kladn\u00e9 smery &hellip; <a href=\"https:\/\/usvl.sav.sk\/wp\/?p=5612\" class=\"more-link\">Pokra\u010dova\u0165 na <span class=\"screen-reader-text\">Vy\u0161lo nov\u00e9 \u010d\u00edslo \u010dasopisu World Literature Studies 4\/2022: \u201eLiterat\u00fara a veda\u201c v kontexte anal\u00fdz liter\u00e1rneho interdiskurzu<\/span> <span class=\"meta-nav\">&rarr;<\/span><\/a><\/p>\n","protected":false},"author":1,"featured_media":0,"comment_status":"closed","ping_status":"closed","sticky":false,"template":"","format":"standard","meta":{"footnotes":""},"categories":[11],"tags":[],"class_list":["post-5612","post","type-post","status-publish","format-standard","hentry","category-spravy"],"_links":{"self":[{"href":"https:\/\/usvl.sav.sk\/wp\/index.php?rest_route=\/wp\/v2\/posts\/5612","targetHints":{"allow":["GET"]}}],"collection":[{"href":"https:\/\/usvl.sav.sk\/wp\/index.php?rest_route=\/wp\/v2\/posts"}],"about":[{"href":"https:\/\/usvl.sav.sk\/wp\/index.php?rest_route=\/wp\/v2\/types\/post"}],"author":[{"embeddable":true,"href":"https:\/\/usvl.sav.sk\/wp\/index.php?rest_route=\/wp\/v2\/users\/1"}],"replies":[{"embeddable":true,"href":"https:\/\/usvl.sav.sk\/wp\/index.php?rest_route=%2Fwp%2Fv2%2Fcomments&post=5612"}],"version-history":[{"count":12,"href":"https:\/\/usvl.sav.sk\/wp\/index.php?rest_route=\/wp\/v2\/posts\/5612\/revisions"}],"predecessor-version":[{"id":5856,"href":"https:\/\/usvl.sav.sk\/wp\/index.php?rest_route=\/wp\/v2\/posts\/5612\/revisions\/5856"}],"wp:attachment":[{"href":"https:\/\/usvl.sav.sk\/wp\/index.php?rest_route=%2Fwp%2Fv2%2Fmedia&parent=5612"}],"wp:term":[{"taxonomy":"category","embeddable":true,"href":"https:\/\/usvl.sav.sk\/wp\/index.php?rest_route=%2Fwp%2Fv2%2Fcategories&post=5612"},{"taxonomy":"post_tag","embeddable":true,"href":"https:\/\/usvl.sav.sk\/wp\/index.php?rest_route=%2Fwp%2Fv2%2Ftags&post=5612"}],"curies":[{"name":"wp","href":"https:\/\/api.w.org\/{rel}","templated":true}]}}