{"id":5478,"date":"2022-12-07T14:30:59","date_gmt":"2022-12-07T14:30:59","guid":{"rendered":"https:\/\/usvl.sav.sk\/wp\/?p=5478"},"modified":"2023-02-10T09:30:05","modified_gmt":"2023-02-10T09:30:05","slug":"prezentacia-knihy-dominik-tatarka-vcera-a-dnes-pariz-1939-2019","status":"publish","type":"post","link":"https:\/\/usvl.sav.sk\/wp\/?p=5478","title":{"rendered":"Prezent\u00e1cia knihy Dominik Tatarka v\u010dera a dnes (Par\u00ed\u017e 1939 \u2013 2019)"},"content":{"rendered":"<p><strong><a href=\"https:\/\/usvl.sav.sk\/wp\/wp-content\/uploads\/Dominik-Tatarka_prezentacia-knihy.jpg\" rel=\"attachment wp-att-5482\"><img loading=\"lazy\" decoding=\"async\" class=\"alignleft size-medium wp-image-5482\" src=\"https:\/\/usvl.sav.sk\/wp\/wp-content\/uploads\/Dominik-Tatarka_prezentacia-knihy-212x300.jpg\" alt=\"Dominik Tatarka_prezentacia knihy\" width=\"212\" height=\"300\" srcset=\"https:\/\/usvl.sav.sk\/wp\/wp-content\/uploads\/Dominik-Tatarka_prezentacia-knihy-212x300.jpg 212w, https:\/\/usvl.sav.sk\/wp\/wp-content\/uploads\/Dominik-Tatarka_prezentacia-knihy-768x1086.jpg 768w, https:\/\/usvl.sav.sk\/wp\/wp-content\/uploads\/Dominik-Tatarka_prezentacia-knihy-724x1024.jpg 724w\" sizes=\"auto, (max-width: 212px) 100vw, 212px\" \/><\/a>9. december (piatok) 2022 o 18.00 hod.<\/strong><br \/>\n<a href=\"https:\/\/institutfrancais.sk\/\" target=\"_blank\" rel=\"noopener\">Franc\u00fazsky in\u0161tit\u00fat na Slovensku<\/a>\u00a0(Sedl\u00e1rska 7, Bratislava)<\/p>\n<p>Franc\u00fazsky in\u0161tit\u00fat na Slovensku v spolupr\u00e1ci s \u00dastavom svetovej literat\u00fary SAV, v. v. i., organizuj\u00fa podujatie s n\u00e1zvom <em>Sen o slobode a \u013eudsk\u00fdch pr\u00e1vach. Slovensk\u00fd disident<\/em>, ktor\u00e9ho s\u00fa\u010das\u0165ou je prezent\u00e1cia knihy <a href=\"https:\/\/www.sav.sk\/?lang=sk&amp;doc=activity-monography-response-page&amp;institute_no=66&amp;monography_id=294\"><em>Dominik Tatarka v\u010dera a dnes (Par\u00ed\u017e 1939 \u2013 2019)<\/em>.<\/a> Na podujat\u00ed odznej\u00fa dve predn\u00e1\u0161ky spojen\u00e9 s diskusiou. Prof. PhDr. M\u00e1ria B\u00e1torov\u00e1, DrSc., jedna z editoriek a autoriek knihy, predstav\u00ed osobnos\u0165 slovensk\u00e9ho spisovate\u013ea Dominika Tatarku a jeho vz\u0165ah k Franc\u00fazsku. Minister \u017eivotn\u00e9ho prostredia SR a b\u00fdval\u00fd disident J\u00e1n Budaj bude hovori\u0165 o slovenskom disente a \u017eivote a tvorbe po\u010das socialistick\u00e9ho re\u017eimu.<\/p>\n<p>Pri uvedenej pr\u00edle\u017eitosti sa bude premieta\u0165 \u010das\u0165 videoz\u00e1znamu <em>A\u0165 \u017eije Fronda!<\/em> zo stretnutia zak\u00e1zan\u00fdch spisovate\u013eov v roku 1986.<\/p>\n<p>Podujatie bude simult\u00e1nne tlmo\u010den\u00e9. Vstup vo\u013en\u00fd.<\/p>\n","protected":false},"excerpt":{"rendered":"<p>9. december (piatok) 2022 o 18.00 hod. Franc\u00fazsky in\u0161tit\u00fat na Slovensku\u00a0(Sedl\u00e1rska 7, Bratislava) Franc\u00fazsky in\u0161tit\u00fat na Slovensku v spolupr\u00e1ci s \u00dastavom svetovej literat\u00fary SAV, v. v. i., organizuj\u00fa podujatie s n\u00e1zvom Sen o slobode a \u013eudsk\u00fdch pr\u00e1vach. Slovensk\u00fd disident, ktor\u00e9ho s\u00fa\u010das\u0165ou je prezent\u00e1cia knihy Dominik Tatarka v\u010dera a dnes (Par\u00ed\u017e 1939 \u2013 2019). Na podujat\u00ed &hellip; <a href=\"https:\/\/usvl.sav.sk\/wp\/?p=5478\" class=\"more-link\">Pokra\u010dova\u0165 na <span class=\"screen-reader-text\">Prezent\u00e1cia knihy Dominik Tatarka v\u010dera a dnes (Par\u00ed\u017e 1939 \u2013 2019)<\/span> <span class=\"meta-nav\">&rarr;<\/span><\/a><\/p>\n","protected":false},"author":1,"featured_media":0,"comment_status":"closed","ping_status":"open","sticky":false,"template":"","format":"standard","meta":{"footnotes":""},"categories":[10],"tags":[],"class_list":["post-5478","post","type-post","status-publish","format-standard","hentry","category-pozvanky"],"_links":{"self":[{"href":"https:\/\/usvl.sav.sk\/wp\/index.php?rest_route=\/wp\/v2\/posts\/5478","targetHints":{"allow":["GET"]}}],"collection":[{"href":"https:\/\/usvl.sav.sk\/wp\/index.php?rest_route=\/wp\/v2\/posts"}],"about":[{"href":"https:\/\/usvl.sav.sk\/wp\/index.php?rest_route=\/wp\/v2\/types\/post"}],"author":[{"embeddable":true,"href":"https:\/\/usvl.sav.sk\/wp\/index.php?rest_route=\/wp\/v2\/users\/1"}],"replies":[{"embeddable":true,"href":"https:\/\/usvl.sav.sk\/wp\/index.php?rest_route=%2Fwp%2Fv2%2Fcomments&post=5478"}],"version-history":[{"count":14,"href":"https:\/\/usvl.sav.sk\/wp\/index.php?rest_route=\/wp\/v2\/posts\/5478\/revisions"}],"predecessor-version":[{"id":5859,"href":"https:\/\/usvl.sav.sk\/wp\/index.php?rest_route=\/wp\/v2\/posts\/5478\/revisions\/5859"}],"wp:attachment":[{"href":"https:\/\/usvl.sav.sk\/wp\/index.php?rest_route=%2Fwp%2Fv2%2Fmedia&parent=5478"}],"wp:term":[{"taxonomy":"category","embeddable":true,"href":"https:\/\/usvl.sav.sk\/wp\/index.php?rest_route=%2Fwp%2Fv2%2Fcategories&post=5478"},{"taxonomy":"post_tag","embeddable":true,"href":"https:\/\/usvl.sav.sk\/wp\/index.php?rest_route=%2Fwp%2Fv2%2Ftags&post=5478"}],"curies":[{"name":"wp","href":"https:\/\/api.w.org\/{rel}","templated":true}]}}