{"id":5417,"date":"2022-10-24T08:43:02","date_gmt":"2022-10-24T08:43:02","guid":{"rendered":"https:\/\/usvl.sav.sk\/wp\/?p=5417"},"modified":"2022-10-27T13:04:44","modified_gmt":"2022-10-27T13:04:44","slug":"vyslo-nove-cislo-casopisu-world-literature-studies-32022-transkulturalizmus-a-literarnohistoricke-narativy-v-stredovychodnej-europe","status":"publish","type":"post","link":"https:\/\/usvl.sav.sk\/wp\/?p=5417","title":{"rendered":"Vy\u0161lo nov\u00e9 \u010d\u00edslo \u010dasopisu World Literature Studies 3\/2022: Transkulturalizmus a liter\u00e1rnohistorick\u00e9 narat\u00edvy v stredov\u00fdchodnej Eur\u00f3pe"},"content":{"rendered":"<p><strong><a href=\"https:\/\/usvl.sav.sk\/wp\/wp-content\/uploads\/wls3_2022_obalka.jpg\" rel=\"attachment wp-att-5490\"><img loading=\"lazy\" decoding=\"async\" class=\"alignleft size-medium wp-image-5490\" src=\"https:\/\/usvl.sav.sk\/wp\/wp-content\/uploads\/wls3_2022_obalka-202x300.jpg\" alt=\"wls3_2022_obalka\" width=\"202\" height=\"300\" srcset=\"https:\/\/usvl.sav.sk\/wp\/wp-content\/uploads\/wls3_2022_obalka-202x300.jpg 202w, https:\/\/usvl.sav.sk\/wp\/wp-content\/uploads\/wls3_2022_obalka.jpg 600w\" sizes=\"auto, (max-width: 202px) 100vw, 202px\" \/><\/a>Judit G\u00f6r\u00f6zdi<\/strong><br \/>\n<strong> Zolt\u00e1n N\u00e9meth<\/strong><br \/>\n<strong> Magdalena Roguska-N\u00e9meth<\/strong><br \/>\n(eds.)<\/p>\n<p>T\u00e9mou tohtoro\u010dn\u00e9ho tretieho \u010d\u00edsla s\u00fa liter\u00e1rne a liter\u00e1rnohistorick\u00e9 narat\u00edvy v stredov\u00fdchodnej Eur\u00f3pe z h\u013eadiska transkulturalizmu, s vyu\u017eit\u00edm konceptov globalizmu, heterotopie, extrateritoriality, translokality, deteritorializ\u00e1cie a prekra\u010dovania hran\u00edc. \u0160t\u00fadie sk\u00famaj\u00fa transkulturalizmus v \u0161pecifick\u00fdch liter\u00e1rnych fenom\u00e9noch regi\u00f3nu: v textoch, mikroliterat\u00farach a v men\u0161inov\u00fdch literat\u00farach ovplyvnen\u00fdch multi- a translingvizmom \u010di kult\u00farnou hybriditou. Cie\u013eom je prispie\u0165 k rozvoju diverzifikovanej\u0161\u00edch perspekt\u00edv pri p\u00edsan\u00ed dej\u00edn n\u00e1rodn\u00fdch literat\u00far v stredov\u00fdchodnej Eur\u00f3pe.<\/p>\n<p>\u0160t\u00fadie<\/p>\n<p>WOLFGANG WELSCH<br \/>\nTransculturality in literature: A phenomenon as old as it is current<br \/>\nANDERS PETTERSSON<br \/>\nOn the concept of world literature<br \/>\nKATARZYNA DEJA<br \/>\nThe problems with delimiting the notion of transculturality in literary studies<br \/>\nMAGDALENA ROGUSKA-N\u00c9METH<br \/>\nTransculturalism in literature as reflected in the works of translingual writers from the Hungarian cultural context<br \/>\nBE\u00c1TA THOMKA<br \/>\nFiction: heritage, choice, creation<br \/>\nKAROLINA POSPISZIL-HOFMA\u0143SKA<br \/>\nConfluences: On the possibility of describing a transcultural history of (micro)literature \u2013 the Upper Silesian perspective<br \/>\nEVA KENDERESSY<br \/>\nTransculturality in Romanian literary histories: The case of literature from Moldova<br \/>\nZOLT\u00c1N N\u00c9METH<br \/>\nThe transcultural levels of minority literary history writing: Hungarian literature in Slovakia<br \/>\nANIK\u00d3 DU\u0160\u00cdKOV\u00c1<br \/>\nThe possibilities of a transcultural narrative in 19th-century Central Europe: J\u00e1n Chalupka and Guszt\u00e1v Szontagh<\/p>\n<p>Cel\u00fd obsah \u010d\u00edsla s prelinkovan\u00edm na jednotliv\u00e9 texty n\u00e1jdete <a href=\"https:\/\/www.sav.sk\/?lang=sk&amp;doc=journal-list&amp;part=list_articles&amp;journal_issue_no=11116706\" target=\"_blank\">TU<\/a>.<\/p>\n","protected":false},"excerpt":{"rendered":"<p>Judit G\u00f6r\u00f6zdi Zolt\u00e1n N\u00e9meth Magdalena Roguska-N\u00e9meth (eds.) T\u00e9mou tohtoro\u010dn\u00e9ho tretieho \u010d\u00edsla s\u00fa liter\u00e1rne a liter\u00e1rnohistorick\u00e9 narat\u00edvy v stredov\u00fdchodnej Eur\u00f3pe z h\u013eadiska transkulturalizmu, s vyu\u017eit\u00edm konceptov globalizmu, heterotopie, extrateritoriality, translokality, deteritorializ\u00e1cie a prekra\u010dovania hran\u00edc. \u0160t\u00fadie sk\u00famaj\u00fa transkulturalizmus v \u0161pecifick\u00fdch liter\u00e1rnych fenom\u00e9noch regi\u00f3nu: v textoch, mikroliterat\u00farach a v men\u0161inov\u00fdch literat\u00farach ovplyvnen\u00fdch multi- a translingvizmom \u010di kult\u00farnou hybriditou. &hellip; <a href=\"https:\/\/usvl.sav.sk\/wp\/?p=5417\" class=\"more-link\">Pokra\u010dova\u0165 na <span class=\"screen-reader-text\">Vy\u0161lo nov\u00e9 \u010d\u00edslo \u010dasopisu World Literature Studies 3\/2022: Transkulturalizmus a liter\u00e1rnohistorick\u00e9 narat\u00edvy v stredov\u00fdchodnej Eur\u00f3pe<\/span> <span class=\"meta-nav\">&rarr;<\/span><\/a><\/p>\n","protected":false},"author":1,"featured_media":0,"comment_status":"closed","ping_status":"open","sticky":false,"template":"","format":"standard","meta":{"footnotes":""},"categories":[11],"tags":[],"class_list":["post-5417","post","type-post","status-publish","format-standard","hentry","category-spravy"],"_links":{"self":[{"href":"https:\/\/usvl.sav.sk\/wp\/index.php?rest_route=\/wp\/v2\/posts\/5417","targetHints":{"allow":["GET"]}}],"collection":[{"href":"https:\/\/usvl.sav.sk\/wp\/index.php?rest_route=\/wp\/v2\/posts"}],"about":[{"href":"https:\/\/usvl.sav.sk\/wp\/index.php?rest_route=\/wp\/v2\/types\/post"}],"author":[{"embeddable":true,"href":"https:\/\/usvl.sav.sk\/wp\/index.php?rest_route=\/wp\/v2\/users\/1"}],"replies":[{"embeddable":true,"href":"https:\/\/usvl.sav.sk\/wp\/index.php?rest_route=%2Fwp%2Fv2%2Fcomments&post=5417"}],"version-history":[{"count":9,"href":"https:\/\/usvl.sav.sk\/wp\/index.php?rest_route=\/wp\/v2\/posts\/5417\/revisions"}],"predecessor-version":[{"id":5489,"href":"https:\/\/usvl.sav.sk\/wp\/index.php?rest_route=\/wp\/v2\/posts\/5417\/revisions\/5489"}],"wp:attachment":[{"href":"https:\/\/usvl.sav.sk\/wp\/index.php?rest_route=%2Fwp%2Fv2%2Fmedia&parent=5417"}],"wp:term":[{"taxonomy":"category","embeddable":true,"href":"https:\/\/usvl.sav.sk\/wp\/index.php?rest_route=%2Fwp%2Fv2%2Fcategories&post=5417"},{"taxonomy":"post_tag","embeddable":true,"href":"https:\/\/usvl.sav.sk\/wp\/index.php?rest_route=%2Fwp%2Fv2%2Ftags&post=5417"}],"curies":[{"name":"wp","href":"https:\/\/api.w.org\/{rel}","templated":true}]}}