{"id":5398,"date":"2022-10-21T13:25:05","date_gmt":"2022-10-21T13:25:05","guid":{"rendered":"https:\/\/usvl.sav.sk\/wp\/?p=5398"},"modified":"2022-10-22T18:58:57","modified_gmt":"2022-10-22T18:58:57","slug":"the-broadening-of-poetics-3-areas-of-ecopoetics","status":"publish","type":"post","link":"https:\/\/usvl.sav.sk\/wp\/?p=5398","title":{"rendered":"The Broadening of Poetics 3: Areas of Ecopoetics"},"content":{"rendered":"<p><strong><a href=\"https:\/\/usvl.sav.sk\/wp\/wp-content\/uploads\/Ecopoetics_1.jpg\" rel=\"attachment wp-att-5411\"><img loading=\"lazy\" decoding=\"async\" class=\"alignleft size-medium wp-image-5411\" src=\"https:\/\/usvl.sav.sk\/wp\/wp-content\/uploads\/Ecopoetics_1-205x300.jpg\" alt=\"Ecopoetics_1\" width=\"205\" height=\"300\" srcset=\"https:\/\/usvl.sav.sk\/wp\/wp-content\/uploads\/Ecopoetics_1-205x300.jpg 205w, https:\/\/usvl.sav.sk\/wp\/wp-content\/uploads\/Ecopoetics_1.jpg 500w\" sizes=\"auto, (max-width: 205px) 100vw, 205px\" \/><\/a>Medzin\u00e1rodn\u00e1 interdisciplin\u00e1rna vedeck\u00e1 konferencia<\/strong><br \/>\n24. \u2013 25. okt\u00f3bra 2022 (pondelok a utorok)<br \/>\nprezen\u010dne a online v angli\u010dtine, po\u013e\u0161tine a sloven\u010dine (pod\u013ea programu)<\/p>\n<p>Miesto konania: <a href=\"http:\/\/www.polon.uw.edu.pl\/\" target=\"_blank\">Wydzial Polonistyki Uniwersytet Warszawski<\/a><\/p>\n<p>Podujatie sa kon\u00e1 v r\u00e1mci s\u00e9rie konferenci\u00ed Widening Poetics a jeho cie\u013eom je nazera\u0165 na ekopoetiku ako transdiskurz\u00edvnu a transmedi\u00e1lnu textov\u00fa prax a v\u00fdskumn\u00fa met\u00f3du, ktor\u00e1 poskytuje n\u00e1stroje na opis posolstiev zameran\u00fdch na zobrazenie vz\u0165ahu \u010dloveka k pr\u00edrode, vr\u00e1tane in\u00fdch \u017eiv\u00fdch bytost\u00ed. Okolnosti formulovania predpokladov ekopoetiky &#8211; prehlbuj\u00faca sa klimatick\u00e1 kr\u00edza, ktor\u00e1 poukazuje na destabilizuj\u00face \u00fa\u010dinky \u010dloveka na \u017eivotn\u00e9 prostredie &#8211; ju stavaj\u00fa na hranicu medzi humanitn\u00fdmi a ostatn\u00fdmi vedami. Vyu\u017eitie ekopoetick\u00e9ho in\u0161trument\u00e1ria pri \u0161t\u00fadiu textov\u00fdch foriem r\u00f4znych diskurzov, m\u00e9di\u00ed a umen\u00ed umo\u017e\u0148uje zachyti\u0165 rozmanit\u00e9 a dynamick\u00e9 vz\u0165ahy medzi \u010dlovekom a pr\u00edrodn\u00fdm svetom a navrhn\u00fa\u0165 nov\u00e9 sp\u00f4soby vn\u00edmania a reprezent\u00e1cie, charakteristick\u00e9 pre antropoc\u00e9nne vedomie alebo posthum\u00e1nnu subjektivitu.<\/p>\n<p>Z\u00e1merom konferencie je upriami\u0165 pozornos\u0165 na nasledovn\u00e9 tematick\u00e9 okruhy:<br \/>\n&#8211; r\u00f4znos\u0165 pr\u00edstupov k ekopoetike: teoretick\u00e9 a filozofick\u00e9 z\u00e1klady, ktor\u00e9 tematizuj\u00fa a formuj\u00fa ch\u00e1panie vz\u0165ahu \u010dloveka k pr\u00edrodn\u00e9mu prostrediu;<br \/>\n&#8211; od egocentrick\u00e9ho k ekocentrick\u00e9mu mysleniu: projekt ekocentrick\u00fdch humanitn\u00fdch vied v \u00e9re antropoc\u00e9nu;<br \/>\n&#8211; diachr\u00f3nne posuny v reprezent\u00e1cii pr\u00edrody a textov\u00e9 formovanie vz\u0165ahu \u010dloveka a pr\u00edrody;<!--more--><br \/>\n&#8211; multidiskurz\u00edvnos\u0165 reflexie vplyvu \u010dloveka na \u017eivotn\u00e9 prostredie: filozofick\u00e9, politick\u00e9, biologicko-politick\u00e9, n\u00e1bo\u017eensk\u00e9 a in\u00e9 s\u00favislosti;<br \/>\n&#8211; ekopoetika ako strat\u00e9gia tvorby a \u010d\u00edtania textov r\u00f4znych m\u00e9di\u00ed: literat\u00fary, filmu, v\u00fdtvarn\u00e9ho umenia, hudby, nov\u00fdch m\u00e9di\u00ed, architekt\u00fary at\u010f;<br \/>\n&#8211; sp\u00f4soby, ak\u00fdmi r\u00f4zne umenia a diskurzy hovoria o kl\u00edme, pr\u00edrode a \u010dloveku ako biologickej bytosti prech\u00e1dzaj\u00facej druhov\u00fdm v\u00fdvojom (aj smerom k post-homo sapiens) a o jeho vz\u0165ahu k \u017eivotn\u00e9mu prostrediu a in\u00fdm \u017eiv\u00fdm bytostiam;<br \/>\n&#8211; kritick\u00e9, anga\u017eovan\u00e9, interakt\u00edvne umenie, ktor\u00e9 odha\u013euje nov\u00e9 kognit\u00edvne perspekt\u00edvy vz\u0165ahu k pr\u00edrode;<br \/>\n&#8211; fig\u00fary, \u0161trukt\u00fary a textov\u00e9 prostriedky charakteristick\u00e9 pre ekopoetiku;<br \/>\n&#8211; textov\u00e9 druhy a \u017e\u00e1nre (idyla, ut\u00f3pia, dystopia, pr\u00edrodopisn\u00e1 esej a in\u00e9) charakteristick\u00e9 pre zobrazovanie vz\u0165ahov \u010dloveka k \u017eivotn\u00e9mu prostrediu;<br \/>\n&#8211; ekopoetika v jazykovom a medi\u00e1lnom preklade;<br \/>\n&#8211; v\u0161eobecn\u00e1 perspekt\u00edva liter\u00e1rnych textov o pr\u00edrode: ekopo\u00e9zia, ekopr\u00f3za, ekodr\u00e1ma;<br \/>\n&#8211; fig\u00fary, \u0161trukt\u00fary a textov\u00e9\u00a0prostriedky charakteristick\u00e9 pre posthum\u00e1nnu subjektivitu;<br \/>\n&#8211; \u017eivo\u010d\u00ed\u0161na, rastlinn\u00e1 a anorganick\u00e1 poetika: sp\u00f4soby zobrazenia odkazuj\u00face na sp\u00f4soby existencie pr\u00edrodn\u00fdch ne\u013eudsk\u00fdch ent\u00edt;<br \/>\n&#8211; metafory t\u00fdkaj\u00face sa ne\u017eivej pr\u00edrody, organick\u00e9ho, telesn\u00e9ho ako mechanizmy, ktor\u00e9 organizuj\u00fa myslenie o vz\u0165ahu \u010dloveka a sveta;<br \/>\n&#8211; \u00faloha nov\u00fdch m\u00e9di\u00ed pri vytv\u00e1ran\u00ed posthumanistickej perspekt\u00edvy;<br \/>\n&#8211; poetika bioetiky: vlastnosti reprezent\u00e1ci\u00ed t\u00fdkaj\u00facich sa z\u00e1sahov do \u017eiv\u00fdch organizmov, najm\u00e4 v oblasti medic\u00edny (vr\u00e1tane z\u00e1sahov do procesu zdokona\u013eovania \u010dloveka ako druhu homo sapiens) a biol\u00f3gie.<\/p>\n<p>Organiz\u00e1tormi podujatia s\u00fa Zak\u0142ad Komparatystyki Wydzia\u0142u Polonistyki Uniwersytetu Warszawskiego a \u00dastav svetovej literat\u00fary SAV, v. v. i. (organiz\u00e1torky podujatia: Dr. Weronika Lipszyc, Mgr. Bogumi\u0142a Suwara, CSc., Dr. Anna Tenczy\u0144ska a prof. dr hab. Ewa Szcz\u0119sna).<\/p>\n<p>Program konferencie n\u00e1jdete <a href=\"https:\/\/usvl.sav.sk\/wp\/wp-content\/uploads\/areas-of-ecopoetic_program.pdf\" target=\"_blank\">TU<\/a>.<\/p>\n<p>Internetov\u00e9 odkazy na pripojenie cez Zoom:<\/p>\n<p>Link 1:<br \/>\nhttps:\/\/uw-edu-pl.zoom.us\/j\/95511790222?pwd=UmpScWZ1ZGJnT0xZL2JiQnB0T0IvZz09<br \/>\nMeeting ID: 955 1179 0222<br \/>\nPasscode: 104741<br \/>\n(Opening of the conference, Ecopoetry, Plenary lecture, Ecotranslation, Posthuman media, Ecoreading)<\/p>\n<p>Link 2 (slovensk\u00fd panel):<br \/>\nhttps:\/\/us06web.zoom.us\/j\/6165095747?pwd=NytaYy9jWVVjSmpxZ0NONUMvbWJmQT09<br \/>\nMetting ID: 616 509 5747<br \/>\nPasscode: 1111<br \/>\n(Bioetics I, Bioetics II, Ecopoetics, Bioetics III)<\/p>\n<p>Link 3:<br \/>\nhttps:\/\/uw-edu-pl.zoom.us\/j\/92086942285?pwd=ZDlzVW5JSloyNkZ0c0J4T3I2N3JZUT09<br \/>\nMeeting ID: 920 8694 2285<br \/>\nPasscode: 736733<br \/>\n(Opening of the meeting 25 October, More-then-human communities, Languages and discourses, The poetics of catastrophe)<\/p>\n","protected":false},"excerpt":{"rendered":"<p>Medzin\u00e1rodn\u00e1 interdisciplin\u00e1rna vedeck\u00e1 konferencia 24. \u2013 25. okt\u00f3bra 2022 (pondelok a utorok) prezen\u010dne a online v angli\u010dtine, po\u013e\u0161tine a sloven\u010dine (pod\u013ea programu) Miesto konania: Wydzial Polonistyki Uniwersytet Warszawski Podujatie sa kon\u00e1 v r\u00e1mci s\u00e9rie konferenci\u00ed Widening Poetics a jeho cie\u013eom je nazera\u0165 na ekopoetiku ako transdiskurz\u00edvnu a transmedi\u00e1lnu textov\u00fa prax a v\u00fdskumn\u00fa met\u00f3du, ktor\u00e1 poskytuje &hellip; <a href=\"https:\/\/usvl.sav.sk\/wp\/?p=5398\" class=\"more-link\">Pokra\u010dova\u0165 na <span class=\"screen-reader-text\">The Broadening of Poetics 3: Areas of Ecopoetics<\/span> <span class=\"meta-nav\">&rarr;<\/span><\/a><\/p>\n","protected":false},"author":1,"featured_media":0,"comment_status":"closed","ping_status":"open","sticky":false,"template":"","format":"standard","meta":{"footnotes":""},"categories":[10,13],"tags":[],"class_list":["post-5398","post","type-post","status-publish","format-standard","hentry","category-pozvanky","category-udalosti"],"_links":{"self":[{"href":"https:\/\/usvl.sav.sk\/wp\/index.php?rest_route=\/wp\/v2\/posts\/5398","targetHints":{"allow":["GET"]}}],"collection":[{"href":"https:\/\/usvl.sav.sk\/wp\/index.php?rest_route=\/wp\/v2\/posts"}],"about":[{"href":"https:\/\/usvl.sav.sk\/wp\/index.php?rest_route=\/wp\/v2\/types\/post"}],"author":[{"embeddable":true,"href":"https:\/\/usvl.sav.sk\/wp\/index.php?rest_route=\/wp\/v2\/users\/1"}],"replies":[{"embeddable":true,"href":"https:\/\/usvl.sav.sk\/wp\/index.php?rest_route=%2Fwp%2Fv2%2Fcomments&post=5398"}],"version-history":[{"count":11,"href":"https:\/\/usvl.sav.sk\/wp\/index.php?rest_route=\/wp\/v2\/posts\/5398\/revisions"}],"predecessor-version":[{"id":5408,"href":"https:\/\/usvl.sav.sk\/wp\/index.php?rest_route=\/wp\/v2\/posts\/5398\/revisions\/5408"}],"wp:attachment":[{"href":"https:\/\/usvl.sav.sk\/wp\/index.php?rest_route=%2Fwp%2Fv2%2Fmedia&parent=5398"}],"wp:term":[{"taxonomy":"category","embeddable":true,"href":"https:\/\/usvl.sav.sk\/wp\/index.php?rest_route=%2Fwp%2Fv2%2Fcategories&post=5398"},{"taxonomy":"post_tag","embeddable":true,"href":"https:\/\/usvl.sav.sk\/wp\/index.php?rest_route=%2Fwp%2Fv2%2Ftags&post=5398"}],"curies":[{"name":"wp","href":"https:\/\/api.w.org\/{rel}","templated":true}]}}