{"id":4914,"date":"2022-05-24T10:15:04","date_gmt":"2022-05-24T10:15:04","guid":{"rendered":"https:\/\/usvl.sav.sk\/wp\/?p=4914"},"modified":"2022-05-26T07:56:13","modified_gmt":"2022-05-26T07:56:13","slug":"hostovska-prednaska-tomasa-hoskovca-prazsky-lingvisticky-krouzek-ziva-pritomnost-a-nosny-program-pro-budoucnost","status":"publish","type":"post","link":"https:\/\/usvl.sav.sk\/wp\/?p=4914","title":{"rendered":"Hos\u0165ovsk\u00e1 predn\u00e1\u0161ka: Pra\u017esk\u00fd lingvistick\u00fd krou\u017eek \u2013 \u017eiv\u00e1 p\u0159\u00edtomnost a\u00a0nosn\u00fd program pro budoucnost"},"content":{"rendered":"<figure id=\"attachment_4915\" aria-describedby=\"caption-attachment-4915\" style=\"width: 300px\" class=\"wp-caption alignleft\"><a href=\"https:\/\/usvl.sav.sk\/wp\/wp-content\/uploads\/tomas-hoskovec.jpg\" rel=\"attachment wp-att-4915\"><img loading=\"lazy\" decoding=\"async\" class=\"size-medium wp-image-4915\" src=\"https:\/\/usvl.sav.sk\/wp\/wp-content\/uploads\/tomas-hoskovec-300x199.jpg\" alt=\"Foto - KSSFaK\/FB\" width=\"300\" height=\"199\" srcset=\"https:\/\/usvl.sav.sk\/wp\/wp-content\/uploads\/tomas-hoskovec-300x199.jpg 300w, https:\/\/usvl.sav.sk\/wp\/wp-content\/uploads\/tomas-hoskovec-768x511.jpg 768w, https:\/\/usvl.sav.sk\/wp\/wp-content\/uploads\/tomas-hoskovec-1024x681.jpg 1024w, https:\/\/usvl.sav.sk\/wp\/wp-content\/uploads\/tomas-hoskovec.jpg 1692w\" sizes=\"auto, (max-width: 300px) 100vw, 300px\" \/><\/a><figcaption id=\"caption-attachment-4915\" class=\"wp-caption-text\">Foto &#8211; KSSFaK\/FB<\/figcaption><\/figure>\n<p>Hos\u0165ovsk\u00e1 predn\u00e1\u0161ka<br \/>\n<strong>doc. RNDr. Tom\u00e1\u0161 Hoskovec, CSc<\/strong><\/p>\n<p>1.\u00a0j\u00fana 2022 (streda) o 14:00<br \/>\n\u00dastav svetovej literat\u00fary SAV + online<\/p>\n<p>Pra\u017esk\u00fd lingvistick\u00fd krou\u017eek (PLK) nie\u00a0je\u00a0uzavretou kapitolou dej\u00edn. Ide o\u00a0\u010dinn\u00e9 ohnisko vedeck\u00e9ho b\u00e1dania, ktor\u00e9 funguje nez\u00e1visle od\u00a0akademick\u00fdch in\u0161tit\u00faci\u00ed a\u00a0p\u00f4sob\u00ed v\u00a0medzin\u00e1rodnom meradle: usporad\u00fava medzin\u00e1rodn\u00e9 symp\u00f3zi\u00e1 a\u00a0vyd\u00e1va medzin\u00e1rodn\u00e9 publik\u00e1cie, svoju vlastn\u00fa minulos\u0165 reflektuje vo\u00a0svetov\u00fdch s\u00favislostiach a\u00a0rovnako tak formuluje aj svoj s\u00fa\u010dasn\u00fd program zameran\u00fd do\u00a0bud\u00facnosti. Program s\u00fa\u010dasn\u00e9ho PLK sa\u00a0vol\u00e1 \u201ecelostn\u00e1 filol\u00f3gia\u201c a\u00a0d\u00e1\u00a0sa\u00a0charakterizova\u0165 ako\u00a0procesu\u00e1lna semiol\u00f3gia. Aktu\u00e1lne pritom rozv\u00edja funk\u010dn\u00fd \u0161trukturalizmus, ktor\u00fdm sa\u00a0PLK vymedzuje od\u00a0sam\u00e9ho po\u010diatku. Vyzna\u010duje sa \u0161irok\u00fdm rozp\u00e4t\u00edm od\u00a0popisu jazykov\u00e9ho syst\u00e9mu a\u017e\u00a0po\u00a0v\u00fdklad umeleck\u00fdch textov, dokonca semiologick\u00fdch udalost\u00ed nejazykov\u00fdch alebo nie\u00a0v\u00fdlu\u010dne jazykov\u00fdch.<br \/>\nS\u00fa\u010dasn\u00fd predseda PLK Tom\u00e1\u0161 Hoskovec vysvetl\u00ed hlavn\u00e9 rysy pojmov\u00e9ho apar\u00e1tu celostnej filol\u00f3gie. Predstav\u00ed nov\u00fa s\u00e9riu publik\u00e1ci\u00ed\u00a0<em>T<\/em><em>ravaux du\u00a0Cercle linguistique de\u00a0Prague<\/em>, ktor\u00e1 u\u017e\u00a0priebe\u017ene vych\u00e1dza, aj\u00a0samostatn\u00fa s\u00e9riu <em>Archives du\u00a0Cercle lin\u00adguis\u00adtique de\u00a0Prague<\/em>, ktor\u00e1\u00a0sa\u00a0zatia\u013e pripravuje. Pozve na\u00a0medzin\u00e1rodn\u00e9 symp\u00f3zium \u201eJazykov\u00e1 pestros\u0165 s\u00fa\u010dasnej Eur\u00f3py\u201c, ktor\u00fa PLK usporad\u00fava 21.\u00a0a\u017e\u00a023.\u00a0septembra\u00a02022 v\u00a0Prahe pri\u00a0pr\u00edle\u017eitosti \u010desk\u00e9ho predsedn\u00edctva v\u00a0Rade Eur\u00f3pskej \u00fanie. Pon\u00fakne aj\u00a0predn\u00e1\u0161kov\u00fd cyklus \u201eEur\u00f3pske hodnoty a\u00a0ich\u00a0objektivizuj\u00face uchopenie\u201c.<\/p>\n<p>Viac o Pra\u017eskom lingvistickom kr\u00fa\u017eku a jeho publik\u00e1ci\u00e1ch n\u00e1jdete <a href=\"https:\/\/cercledeprague.org\/travaux.php\">TU<\/a>.<\/p>\n<div>Link na Zoom:<\/div>\n<div><a href=\"https:\/\/us06web.zoom.us\/j\/89942840515?pwd=S0tlUXZCRU5BSTZKQ0kyTlBRNHYrdz09\" target=\"_blank\">https:\/\/us06web.zoom.us\/j\/89942840515?pwd=S0tlUXZCRU5BSTZKQ0kyTlBRNHYrdz09<\/a><\/div>\n<div>Meeting ID: 899 4284 0515<br \/>\nPasscode: 737846<\/div>\n<div><\/div>\n","protected":false},"excerpt":{"rendered":"<p>Hos\u0165ovsk\u00e1 predn\u00e1\u0161ka doc. RNDr. Tom\u00e1\u0161 Hoskovec, CSc 1.\u00a0j\u00fana 2022 (streda) o 14:00 \u00dastav svetovej literat\u00fary SAV + online Pra\u017esk\u00fd lingvistick\u00fd krou\u017eek (PLK) nie\u00a0je\u00a0uzavretou kapitolou dej\u00edn. Ide o\u00a0\u010dinn\u00e9 ohnisko vedeck\u00e9ho b\u00e1dania, ktor\u00e9 funguje nez\u00e1visle od\u00a0akademick\u00fdch in\u0161tit\u00faci\u00ed a\u00a0p\u00f4sob\u00ed v\u00a0medzin\u00e1rodnom meradle: usporad\u00fava medzin\u00e1rodn\u00e9 symp\u00f3zi\u00e1 a\u00a0vyd\u00e1va medzin\u00e1rodn\u00e9 publik\u00e1cie, svoju vlastn\u00fa minulos\u0165 reflektuje vo\u00a0svetov\u00fdch s\u00favislostiach a\u00a0rovnako tak formuluje aj svoj &hellip; <a href=\"https:\/\/usvl.sav.sk\/wp\/?p=4914\" class=\"more-link\">Pokra\u010dova\u0165 na <span class=\"screen-reader-text\">Hos\u0165ovsk\u00e1 predn\u00e1\u0161ka: Pra\u017esk\u00fd lingvistick\u00fd krou\u017eek \u2013 \u017eiv\u00e1 p\u0159\u00edtomnost a\u00a0nosn\u00fd program pro budoucnost<\/span> <span class=\"meta-nav\">&rarr;<\/span><\/a><\/p>\n","protected":false},"author":1,"featured_media":0,"comment_status":"closed","ping_status":"open","sticky":false,"template":"","format":"standard","meta":{"footnotes":""},"categories":[10],"tags":[],"class_list":["post-4914","post","type-post","status-publish","format-standard","hentry","category-pozvanky"],"_links":{"self":[{"href":"https:\/\/usvl.sav.sk\/wp\/index.php?rest_route=\/wp\/v2\/posts\/4914","targetHints":{"allow":["GET"]}}],"collection":[{"href":"https:\/\/usvl.sav.sk\/wp\/index.php?rest_route=\/wp\/v2\/posts"}],"about":[{"href":"https:\/\/usvl.sav.sk\/wp\/index.php?rest_route=\/wp\/v2\/types\/post"}],"author":[{"embeddable":true,"href":"https:\/\/usvl.sav.sk\/wp\/index.php?rest_route=\/wp\/v2\/users\/1"}],"replies":[{"embeddable":true,"href":"https:\/\/usvl.sav.sk\/wp\/index.php?rest_route=%2Fwp%2Fv2%2Fcomments&post=4914"}],"version-history":[{"count":5,"href":"https:\/\/usvl.sav.sk\/wp\/index.php?rest_route=\/wp\/v2\/posts\/4914\/revisions"}],"predecessor-version":[{"id":4920,"href":"https:\/\/usvl.sav.sk\/wp\/index.php?rest_route=\/wp\/v2\/posts\/4914\/revisions\/4920"}],"wp:attachment":[{"href":"https:\/\/usvl.sav.sk\/wp\/index.php?rest_route=%2Fwp%2Fv2%2Fmedia&parent=4914"}],"wp:term":[{"taxonomy":"category","embeddable":true,"href":"https:\/\/usvl.sav.sk\/wp\/index.php?rest_route=%2Fwp%2Fv2%2Fcategories&post=4914"},{"taxonomy":"post_tag","embeddable":true,"href":"https:\/\/usvl.sav.sk\/wp\/index.php?rest_route=%2Fwp%2Fv2%2Ftags&post=4914"}],"curies":[{"name":"wp","href":"https:\/\/api.w.org\/{rel}","templated":true}]}}