{"id":4544,"date":"2022-03-29T07:28:52","date_gmt":"2022-03-29T07:28:52","guid":{"rendered":"http:\/\/usvl.sav.sk\/wp\/?p=4544"},"modified":"2022-04-05T12:50:04","modified_gmt":"2022-04-05T12:50:04","slug":"rusista-valerij-kupko-je-novym-skolitelom-doktorandskeho-studia-na-nasom-ustave","status":"publish","type":"post","link":"https:\/\/usvl.sav.sk\/wp\/?p=4544","title":{"rendered":"Rusista Valerij Kupka je nov\u00fdm \u0161kolite\u013eom doktorandsk\u00e9ho \u0161t\u00fadia na na\u0161om \u00fastave"},"content":{"rendered":"<p>M\u00e1te z\u00e1ujem o doktorandsk\u00e9 \u0161t\u00fadium svetovej literat\u00fary? U\u017e ste si vybrali <a href=\"https:\/\/usvl.sav.sk\/wp\/?page_id=238\" target=\"_blank\">t\u00e9mu<\/a>? Nov\u00fd extern\u00fd \u0161kolite\u013e doktorandsk\u00e9ho \u0161t\u00fadia na \u00dastave svetovej literat\u00fary SAV doc. PhDr. Valerij Kupka, CSc. vyp\u00edsal t\u00e9mu\u00a0<a href=\"https:\/\/usvl.sav.sk\/wp\/wp-content\/uploads\/T%C3%A9ma-dizerta%C4%8Dnej-pr%C3%A1ce-Kupko.pdf\" rel=\"\">\u0160pecifik\u00e1 v\u00fdvoja mal\u00fdch \u017e\u00e1nrov v\u00a0ruskej pr\u00f3ze 20. rokov 20. storo\u010dia.<\/a>\u00a0Zozn\u00e1mte sa s n\u00edm.<\/p>\n<p class=\"alignleft\">Vale<a href=\"https:\/\/usvl.sav.sk\/wp\/wp-content\/uploads\/Valerij_Kupka2-1017x1536.jpg\" rel=\"attachment wp-att-4548\"><img loading=\"lazy\" decoding=\"async\" class=\"alignleft size-medium wp-image-4548\" src=\"https:\/\/usvl.sav.sk\/wp\/wp-content\/uploads\/Valerij_Kupka2-1017x1536-199x300.jpg\" alt=\"Valerij_Kupka2-1017x1536\" width=\"199\" height=\"300\" srcset=\"https:\/\/usvl.sav.sk\/wp\/wp-content\/uploads\/Valerij_Kupka2-1017x1536-199x300.jpg 199w, https:\/\/usvl.sav.sk\/wp\/wp-content\/uploads\/Valerij_Kupka2-1017x1536-768x1160.jpg 768w, https:\/\/usvl.sav.sk\/wp\/wp-content\/uploads\/Valerij_Kupka2-1017x1536-678x1024.jpg 678w, https:\/\/usvl.sav.sk\/wp\/wp-content\/uploads\/Valerij_Kupka2-1017x1536.jpg 1017w\" sizes=\"auto, (max-width: 199px) 100vw, 199px\" \/><\/a>rij Kupka je b\u00e1snik, prekladate\u013e, rusista, divadeln\u00fd dramaturg. M\u00e1 \u0161tyri rodn\u00e9 jazyky. Narodil sa na Ukrajine a v roku 1978 sa jeho rodina pres\u0165ahovala na Slovensko. Venuje sa ruskej literat\u00fare<br \/>\n19. a 20. storo\u010dia, ruskej detskej literat\u00fare, rusk\u00e9mu v\u00fdtvarn\u00e9mu umeniu a filmu 20. storo\u010dia.<br \/>\nV zauj\u00edmavom rozhovore pre dunszt.sk \u201ePre\u017e\u00edvame kolaps syst\u00e9mu, v ktorom svetu vl\u00e1dnu nekompetentn\u00ed politici\u201c ho predstavila Eva Andrej\u010d\u00e1kov\u00e1:<br \/>\n<em>Ako rusista m\u00e1te k\u00a0Rusku \u0161pecifick\u00fd vz\u0165ah. Predpokladali ste, \u017ee m\u00f4\u017ee d\u00f4js\u0165 k takejto ni\u010divej vojne?<\/em><br \/>\nJe to \u0161ok a\u00a0\u0165a\u017eko sa mi o\u00a0tom hovor\u00ed. \u00c1no, mal som predstavu, tu\u0161enie, \u017ee m\u00f4\u017ee d\u00f4js\u0165 k\u00a0nejak\u00e9mu minimalistick\u00e9mu kroku zo strany Ruska vo\u010di Ukrajine, ale toto som ne\u010dakal.<br \/>\n<em>\u010co pre\u017e\u00edvate z\u00a0osobn\u00e9ho h\u013eadiska?\u00a0<\/em><br \/>\nOb\u00e1vam sa, \u017ee svoje pocity nedok\u00e1\u017eem sformulova\u0165. V\u00a0oboch krajin\u00e1ch m\u00e1m bl\u00edzkych pr\u00edbuzn\u00fdch a\u00a0bl\u00edzkych priate\u013eov, spisovate\u013eov a\u00a0v\u00fdtvarn\u00edkov, s\u00a0ktor\u00fdmi dlhodobo spolupracujem. Des\u00edm sa predstavy, \u017ee bud\u00fa st\u00e1\u0165 zo\u010di-vo\u010di jeden proti druh\u00e9mu. To, \u010do pre\u017e\u00edvame, je kolaps syst\u00e9mu, v\u00a0ktorom svetu vl\u00e1dnu politici \u010dasto nekompetentn\u00ed a neprofesion\u00e1lni. Deje sa to aj preto, \u017ee sa k moci dost\u00e1vaj\u00fa polovzdelan\u00ed a\u00a0neempatick\u00ed \u013eudia. A\u00a0plat\u00ed to nielen o\u00a0politike, ale o\u00a0v\u0161etk\u00fdch sf\u00e9rach spolo\u010densk\u00e9ho \u017eivota.<br \/>\nCel\u00fd rozhovor si pre\u010d\u00edtajte <a href=\"https:\/\/dunszt.sk\/2022\/03\/28\/valerij-kupka-prezivame-kolaps-systemu-v-ktorom-svetu-vladnu-nekompetentni-politici\/?fbclid=IwAR2wDpqswgYaCdy-6lfXOZXtfp_mQ85S9ow5YxXvUt6f8WfXVW53welyBV4\" target=\"_blank\">TU<\/a>.<br \/>\n<em>(Foto: arch\u00edv V. K.)<\/em><\/p>\n<p class=\"alignleft\">Autorovu \u0161t\u00fadiu \u201ePodoby cenz\u00fary v ruskej literat\u00fare\u201c, publikovan\u00fa v \u010dasopise World Literature Studies, si m\u00f4\u017eete pre\u010d\u00edta\u0165 <a href=\"https:\/\/wls.sav.sk\/wp-content\/uploads\/WLS4_2018-Kupka.pdf\" target=\"_blank\">TU<\/a>.<\/p>\n<p>Nezabudnite, \u017ee prihl\u00e1\u0161ky na doktorandsk\u00e9 \u0161t\u00fadium sa prij\u00edmaj\u00fa od 1. do 31. m\u00e1ja. Viac inform\u00e1ci\u00ed\u00a0<a href=\"https:\/\/fphil.uniba.sk\/studium\/pk\/doktorandske-studium\/prijimacie-konanie\/\">TU<\/a>.<\/p>\n","protected":false},"excerpt":{"rendered":"<p>M\u00e1te z\u00e1ujem o doktorandsk\u00e9 \u0161t\u00fadium svetovej literat\u00fary? U\u017e ste si vybrali t\u00e9mu? Nov\u00fd extern\u00fd \u0161kolite\u013e doktorandsk\u00e9ho \u0161t\u00fadia na \u00dastave svetovej literat\u00fary SAV doc. PhDr. Valerij Kupka, CSc. vyp\u00edsal t\u00e9mu\u00a0\u0160pecifik\u00e1 v\u00fdvoja mal\u00fdch \u017e\u00e1nrov v\u00a0ruskej pr\u00f3ze 20. rokov 20. storo\u010dia.\u00a0Zozn\u00e1mte sa s n\u00edm. Valerij Kupka je b\u00e1snik, prekladate\u013e, rusista, divadeln\u00fd dramaturg. M\u00e1 \u0161tyri rodn\u00e9 jazyky. Narodil sa &hellip; <a href=\"https:\/\/usvl.sav.sk\/wp\/?p=4544\" class=\"more-link\">Pokra\u010dova\u0165 na <span class=\"screen-reader-text\">Rusista Valerij Kupka je nov\u00fdm \u0161kolite\u013eom doktorandsk\u00e9ho \u0161t\u00fadia na na\u0161om \u00fastave<\/span> <span class=\"meta-nav\">&rarr;<\/span><\/a><\/p>\n","protected":false},"author":1,"featured_media":0,"comment_status":"closed","ping_status":"open","sticky":false,"template":"","format":"standard","meta":{"footnotes":""},"categories":[11,26],"tags":[],"class_list":["post-4544","post","type-post","status-publish","format-standard","hentry","category-spravy","category-phd-studium"],"_links":{"self":[{"href":"https:\/\/usvl.sav.sk\/wp\/index.php?rest_route=\/wp\/v2\/posts\/4544","targetHints":{"allow":["GET"]}}],"collection":[{"href":"https:\/\/usvl.sav.sk\/wp\/index.php?rest_route=\/wp\/v2\/posts"}],"about":[{"href":"https:\/\/usvl.sav.sk\/wp\/index.php?rest_route=\/wp\/v2\/types\/post"}],"author":[{"embeddable":true,"href":"https:\/\/usvl.sav.sk\/wp\/index.php?rest_route=\/wp\/v2\/users\/1"}],"replies":[{"embeddable":true,"href":"https:\/\/usvl.sav.sk\/wp\/index.php?rest_route=%2Fwp%2Fv2%2Fcomments&post=4544"}],"version-history":[{"count":20,"href":"https:\/\/usvl.sav.sk\/wp\/index.php?rest_route=\/wp\/v2\/posts\/4544\/revisions"}],"predecessor-version":[{"id":4617,"href":"https:\/\/usvl.sav.sk\/wp\/index.php?rest_route=\/wp\/v2\/posts\/4544\/revisions\/4617"}],"wp:attachment":[{"href":"https:\/\/usvl.sav.sk\/wp\/index.php?rest_route=%2Fwp%2Fv2%2Fmedia&parent=4544"}],"wp:term":[{"taxonomy":"category","embeddable":true,"href":"https:\/\/usvl.sav.sk\/wp\/index.php?rest_route=%2Fwp%2Fv2%2Fcategories&post=4544"},{"taxonomy":"post_tag","embeddable":true,"href":"https:\/\/usvl.sav.sk\/wp\/index.php?rest_route=%2Fwp%2Fv2%2Ftags&post=4544"}],"curies":[{"name":"wp","href":"https:\/\/api.w.org\/{rel}","templated":true}]}}