{"id":4422,"date":"2022-03-10T11:30:46","date_gmt":"2022-03-10T11:30:46","guid":{"rendered":"http:\/\/usvl.sav.sk\/wp\/?p=4422"},"modified":"2025-08-06T08:51:32","modified_gmt":"2025-08-06T08:51:32","slug":"zaznam-z-prednasky-milosla-a-szaboa-o-literarnom-antisemitizme","status":"publish","type":"post","link":"https:\/\/usvl.sav.sk\/wp\/?p=4422","title":{"rendered":"Z\u00e1znam z predn\u00e1\u0161ky Miloslava Szab\u00f3a o liter\u00e1rnom antisemitizme"},"content":{"rendered":"<p><img loading=\"lazy\" decoding=\"async\" class=\"alignleft size-medium wp-image-4423\" src=\"https:\/\/usvl.sav.sk\/wp\/wp-content\/uploads\/zaznam-prednasky-300x132.jpg\" alt=\"zaznam prednasky\" width=\"300\" height=\"132\" srcset=\"https:\/\/usvl.sav.sk\/wp\/wp-content\/uploads\/zaznam-prednasky-300x132.jpg 300w, https:\/\/usvl.sav.sk\/wp\/wp-content\/uploads\/zaznam-prednasky-768x338.jpg 768w, https:\/\/usvl.sav.sk\/wp\/wp-content\/uploads\/zaznam-prednasky-1024x450.jpg 1024w, https:\/\/usvl.sav.sk\/wp\/wp-content\/uploads\/zaznam-prednasky.jpg 1271w\" sizes=\"auto, (max-width: 300px) 100vw, 300px\" \/><strong>Miloslav Szab\u00f3:<br \/>\nLiter\u00e1rny antisemitizmus\u00a0\u2013 stav<br \/>\na perspekt\u00edvy b\u00e1dania<\/strong><\/p>\n<p>&nbsp;<\/p>\n<p>V\u00fdskum liter\u00e1rneho antisemitizmu na Slovensku nem\u00e1 trad\u00edciu, a\u00a0to ani v\u00a0r\u00e1mci dej\u00edn slovenskej literat\u00fary, ani v\u00a0liter\u00e1rnej komparatistike. Pr\u00e1ve mo\u017enosti sk\u00famania antisemitizmu v literat\u00fare s\u00fa t\u00e9mou hos\u0165ovskej predn\u00e1\u0161ky Mgr. Miloslava Szab\u00f3a, PhD. Historik, germanista a spisovate\u013e pribl\u00ed\u017eil na online stretnut\u00ed\u00a0svoj\u00a0postoj k najnov\u0161\u00edm trendom tohto v\u00fdskumu v\u00a0\u010deskom a\u00a0nemeckom kontexte.<\/p>\n<p>Z\u00e1znam z\u00a0predn\u00e1\u0161ky si m\u00f4\u017eete pozrie\u0165 a\u00a0vypo\u010du\u0165 <a href=\"https:\/\/www.youtube.com\/watch?v=BVH8UOLhcao\">TU<\/a>.<br \/>\nViac inform\u00e1ci\u00ed o autorovi a jeho dielach n\u00e1jdete <a href=\"https:\/\/usvl.sav.sk\/wp\/?p=4234\">TU<\/a>.<\/p>\n","protected":false},"excerpt":{"rendered":"<p>Miloslav Szab\u00f3: Liter\u00e1rny antisemitizmus\u00a0\u2013 stav a perspekt\u00edvy b\u00e1dania &nbsp; V\u00fdskum liter\u00e1rneho antisemitizmu na Slovensku nem\u00e1 trad\u00edciu, a\u00a0to ani v\u00a0r\u00e1mci dej\u00edn slovenskej literat\u00fary, ani v\u00a0liter\u00e1rnej komparatistike. Pr\u00e1ve mo\u017enosti sk\u00famania antisemitizmu v literat\u00fare s\u00fa t\u00e9mou hos\u0165ovskej predn\u00e1\u0161ky Mgr. Miloslava Szab\u00f3a, PhD. Historik, germanista a spisovate\u013e pribl\u00ed\u017eil na online stretnut\u00ed\u00a0svoj\u00a0postoj k najnov\u0161\u00edm trendom tohto v\u00fdskumu v\u00a0\u010deskom a\u00a0nemeckom kontexte. &hellip; <a href=\"https:\/\/usvl.sav.sk\/wp\/?p=4422\" class=\"more-link\">Pokra\u010dova\u0165 na <span class=\"screen-reader-text\">Z\u00e1znam z predn\u00e1\u0161ky Miloslava Szab\u00f3a o liter\u00e1rnom antisemitizme<\/span> <span class=\"meta-nav\">&rarr;<\/span><\/a><\/p>\n","protected":false},"author":1,"featured_media":0,"comment_status":"closed","ping_status":"open","sticky":false,"template":"","format":"audio","meta":{"footnotes":""},"categories":[40,37,11],"tags":[],"class_list":["post-4422","post","type-post","status-publish","format-audio","hentry","category-prednasky_rozne","category-audio-a-videozaznamy","category-spravy","post_format-post-format-audio"],"_links":{"self":[{"href":"https:\/\/usvl.sav.sk\/wp\/index.php?rest_route=\/wp\/v2\/posts\/4422","targetHints":{"allow":["GET"]}}],"collection":[{"href":"https:\/\/usvl.sav.sk\/wp\/index.php?rest_route=\/wp\/v2\/posts"}],"about":[{"href":"https:\/\/usvl.sav.sk\/wp\/index.php?rest_route=\/wp\/v2\/types\/post"}],"author":[{"embeddable":true,"href":"https:\/\/usvl.sav.sk\/wp\/index.php?rest_route=\/wp\/v2\/users\/1"}],"replies":[{"embeddable":true,"href":"https:\/\/usvl.sav.sk\/wp\/index.php?rest_route=%2Fwp%2Fv2%2Fcomments&post=4422"}],"version-history":[{"count":9,"href":"https:\/\/usvl.sav.sk\/wp\/index.php?rest_route=\/wp\/v2\/posts\/4422\/revisions"}],"predecessor-version":[{"id":4613,"href":"https:\/\/usvl.sav.sk\/wp\/index.php?rest_route=\/wp\/v2\/posts\/4422\/revisions\/4613"}],"wp:attachment":[{"href":"https:\/\/usvl.sav.sk\/wp\/index.php?rest_route=%2Fwp%2Fv2%2Fmedia&parent=4422"}],"wp:term":[{"taxonomy":"category","embeddable":true,"href":"https:\/\/usvl.sav.sk\/wp\/index.php?rest_route=%2Fwp%2Fv2%2Fcategories&post=4422"},{"taxonomy":"post_tag","embeddable":true,"href":"https:\/\/usvl.sav.sk\/wp\/index.php?rest_route=%2Fwp%2Fv2%2Ftags&post=4422"}],"curies":[{"name":"wp","href":"https:\/\/api.w.org\/{rel}","templated":true}]}}