{"id":4234,"date":"2022-01-27T00:36:43","date_gmt":"2022-01-27T00:36:43","guid":{"rendered":"http:\/\/usvl.sav.sk\/wp\/?p=4234"},"modified":"2022-04-05T12:54:35","modified_gmt":"2022-04-05T12:54:35","slug":"literarny-antisemitizmus-stav-a-perspektivy-badania","status":"publish","type":"post","link":"https:\/\/usvl.sav.sk\/wp\/?p=4234","title":{"rendered":"Liter\u00e1rny antisemitizmus: stav a perspekt\u00edvy b\u00e1dania"},"content":{"rendered":"<p><img loading=\"lazy\" decoding=\"async\" class=\"alignleft size-full wp-image-4235\" src=\"https:\/\/usvl.sav.sk\/wp\/wp-content\/uploads\/foto-miloslav-szabo.jpg\" alt=\"foto miloslav szabo\" width=\"261\" height=\"175\" \/><strong>Mgr. Miloslav Szab\u00f3, PhD.<br \/>\n<\/strong><strong>Hos\u0165ovsk\u00e1 predn\u00e1\u0161ka<\/strong><br \/>\n<strong>9. febru\u00e1ra 2022\u00a0(streda)\u00a0o 14:00<\/strong><\/p>\n<p>V\u00fdskum liter\u00e1rneho antisemitizmu na Slovensku nem\u00e1 trad\u00edciu, a\u00a0to ani v\u00a0r\u00e1mci dej\u00edn slovenskej literat\u00fary, ani v\u00a0liter\u00e1rnej komparatistike. Pr\u00e1ve v\u00fdskum liter\u00e1rneho antisemitizmu v\u0161ak poskytuje mo\u017enos\u0165 prieniku oboch liter\u00e1rnohistorick\u00fdch discipl\u00edn. Historik a germanista Miloslav Szab\u00f3 bude vo svojej hos\u0165ovskej predn\u00e1\u0161ke\u00a0s n\u00e1zvom <em>Liter\u00e1rny antisemitizmus: stav a perspekt\u00edvy b\u00e1dania<\/em> zn\u00e1zor\u0148ova\u0165 tieto mo\u017enosti n\u00e1\u010drtom najnov\u0161\u00edch trendov vo v\u00fdskume liter\u00e1rneho antisemitizmu v\u00a0\u010deskom a\u00a0nemeckom kontexte. K\u00fdm v\u00a0\u010deskom prostred\u00ed v\u00fdskum liter\u00e1rneho antisemitizmu odkazuje na trad\u00edcie nov\u00e9ho historizmu, v\u00a0nemeckej liter\u00e1rnej hist\u00f3rii pozorujeme vplyv koncepcie dej\u00edn em\u00f3ci\u00ed.<!--more--><\/p>\n<p>Link na predn\u00e1\u0161ku:<br \/>\n<span id=\"OBJ_PREFIX_DWT322_com_zimbra_url\" class=\"Object\"><span id=\"OBJ_PREFIX_DWT323_com_zimbra_url\" class=\"Object\"><a href=\"https:\/\/us06web.zoom.us\/j\/82561032889?pwd=bFk3VHh6TWgvUG9NQ0F0TWdLWHV3dz09\" target=\"_blank\">https:\/\/us06web.zoom.us\/j\/82561032889?pwd=bFk3VHh6TWgvUG9NQ0F0TWdLWHV3dz09<\/a><\/span><\/span><br \/>\nMeeting ID: 825 6103 2889<br \/>\nPasscode: 293385<\/p>\n<p><a href=\"https:\/\/usvl.sav.sk\/wp\/wp-content\/uploads\/knihy-montaz.jpg\" rel=\"attachment wp-att-4276\"><img loading=\"lazy\" decoding=\"async\" class=\"alignleft size-medium wp-image-4276\" src=\"https:\/\/usvl.sav.sk\/wp\/wp-content\/uploads\/knihy-montaz-208x300.jpg\" alt=\"knihy montaz\" width=\"208\" height=\"300\" srcset=\"https:\/\/usvl.sav.sk\/wp\/wp-content\/uploads\/knihy-montaz-208x300.jpg 208w, https:\/\/usvl.sav.sk\/wp\/wp-content\/uploads\/knihy-montaz-768x1107.jpg 768w, https:\/\/usvl.sav.sk\/wp\/wp-content\/uploads\/knihy-montaz-710x1024.jpg 710w, https:\/\/usvl.sav.sk\/wp\/wp-content\/uploads\/knihy-montaz.jpg 914w\" sizes=\"auto, (max-width: 208px) 100vw, 208px\" \/><\/a><\/p>\n<p><strong>Miloslav Szab\u00f3<\/strong> \u2013 historik a germanista, pracoval vo v\u00fdskumn\u00fdch in\u0161tit\u00faci\u00e1ch v Nemecku, Rak\u00fasku, \u010ceskej republike a na Slovensku, moment\u00e1lne p\u00f4sob\u00ed na katedre germanistiky, nederlandistiky a \u0161kandinavistiky na Filozofickej fakulte Univerzity Komensk\u00e9ho v Bratislave. Vo svojom v\u00fdskume sa zaober\u00e1 najm\u00e4 dejinami antisemitizmu a katolicizmu na Slovensku a v Rak\u00fasku v 19. a 20. storo\u010d\u00ed. Je autorom nieko\u013ek\u00fdch monografi\u00ed a desiatok odborn\u00fdch \u0161t\u00fadi\u00ed doma i v zahrani\u010d\u00ed (Rasa a v\u00f4\u013ea, Boh v ofsajde, Od slov k \u010dinom, Kl\u00e9rofa\u0161isti, Potraty a \u010fal\u0161\u00edch textov). Venuje sa prekladu z nemeck\u00e9ho jazyka. Aktu\u00e1lne p\u00f4sob\u00ed na v\u00fdskumnom pobyte v Jene.<\/p>\n<p>&nbsp;<\/p>\n<p>V\u00fdber z\u00a0autorovej publika\u010dnej \u010dinnosti na webovej str\u00e1nke FiF UK <a href=\"https:\/\/fphil.uniba.sk\/katedry-a-odborne-pracoviska\/katedra-germanistiky-nederlandistiky-a-skandinavistiky\/clenovia-katedry-mitarbeiterinnen\/mgr-miloslav-szabo-phd\/\" target=\"_blank\">TU<\/a>.<br \/>\nViac o knih\u00e1ch Miloslava Szab\u00f3a n\u00e1jdete\u00a0<a href=\"https:\/\/www.martinus.sk\/authors\/miloslav-szabo\">TU<\/a>.<br \/>\nAutorove publicistick\u00e9 texty si m\u00f4\u017eete pre\u010d\u00edta\u0165\u00a0<a href=\"https:\/\/dennikn.sk\/autor\/miloslav-szabo\/\" target=\"_blank\">TU<\/a>.<br \/>\nRozhovor Miloslava Szab\u00f3a a Michala Hvoreck\u00e9ho najm\u00e4 o prekladate\u013eskej tvorbe si pozrite <a href=\"https:\/\/www.youtube.com\/watch?v=qA_Uj5U76Ew\" target=\"_blank\">TU<\/a>.<\/p>\n","protected":false},"excerpt":{"rendered":"<p>Mgr. Miloslav Szab\u00f3, PhD. Hos\u0165ovsk\u00e1 predn\u00e1\u0161ka 9. febru\u00e1ra 2022\u00a0(streda)\u00a0o 14:00 V\u00fdskum liter\u00e1rneho antisemitizmu na Slovensku nem\u00e1 trad\u00edciu, a\u00a0to ani v\u00a0r\u00e1mci dej\u00edn slovenskej literat\u00fary, ani v\u00a0liter\u00e1rnej komparatistike. Pr\u00e1ve v\u00fdskum liter\u00e1rneho antisemitizmu v\u0161ak poskytuje mo\u017enos\u0165 prieniku oboch liter\u00e1rnohistorick\u00fdch discipl\u00edn. Historik a germanista Miloslav Szab\u00f3 bude vo svojej hos\u0165ovskej predn\u00e1\u0161ke\u00a0s n\u00e1zvom Liter\u00e1rny antisemitizmus: stav a perspekt\u00edvy b\u00e1dania zn\u00e1zor\u0148ova\u0165 &hellip; <a href=\"https:\/\/usvl.sav.sk\/wp\/?p=4234\" class=\"more-link\">Pokra\u010dova\u0165 na <span class=\"screen-reader-text\">Liter\u00e1rny antisemitizmus: stav a perspekt\u00edvy b\u00e1dania<\/span> <span class=\"meta-nav\">&rarr;<\/span><\/a><\/p>\n","protected":false},"author":1,"featured_media":0,"comment_status":"closed","ping_status":"open","sticky":false,"template":"","format":"standard","meta":{"footnotes":""},"categories":[10],"tags":[],"class_list":["post-4234","post","type-post","status-publish","format-standard","hentry","category-pozvanky"],"_links":{"self":[{"href":"https:\/\/usvl.sav.sk\/wp\/index.php?rest_route=\/wp\/v2\/posts\/4234","targetHints":{"allow":["GET"]}}],"collection":[{"href":"https:\/\/usvl.sav.sk\/wp\/index.php?rest_route=\/wp\/v2\/posts"}],"about":[{"href":"https:\/\/usvl.sav.sk\/wp\/index.php?rest_route=\/wp\/v2\/types\/post"}],"author":[{"embeddable":true,"href":"https:\/\/usvl.sav.sk\/wp\/index.php?rest_route=\/wp\/v2\/users\/1"}],"replies":[{"embeddable":true,"href":"https:\/\/usvl.sav.sk\/wp\/index.php?rest_route=%2Fwp%2Fv2%2Fcomments&post=4234"}],"version-history":[{"count":18,"href":"https:\/\/usvl.sav.sk\/wp\/index.php?rest_route=\/wp\/v2\/posts\/4234\/revisions"}],"predecessor-version":[{"id":4623,"href":"https:\/\/usvl.sav.sk\/wp\/index.php?rest_route=\/wp\/v2\/posts\/4234\/revisions\/4623"}],"wp:attachment":[{"href":"https:\/\/usvl.sav.sk\/wp\/index.php?rest_route=%2Fwp%2Fv2%2Fmedia&parent=4234"}],"wp:term":[{"taxonomy":"category","embeddable":true,"href":"https:\/\/usvl.sav.sk\/wp\/index.php?rest_route=%2Fwp%2Fv2%2Fcategories&post=4234"},{"taxonomy":"post_tag","embeddable":true,"href":"https:\/\/usvl.sav.sk\/wp\/index.php?rest_route=%2Fwp%2Fv2%2Ftags&post=4234"}],"curies":[{"name":"wp","href":"https:\/\/api.w.org\/{rel}","templated":true}]}}