{"id":4192,"date":"2022-01-17T09:41:13","date_gmt":"2022-01-17T09:41:13","guid":{"rendered":"http:\/\/usvl.sav.sk\/wp\/?p=4192"},"modified":"2025-08-06T08:57:38","modified_gmt":"2025-08-06T08:57:38","slug":"4192","status":"publish","type":"post","link":"https:\/\/usvl.sav.sk\/wp\/?p=4192","title":{"rendered":"Predn\u00e1\u0161ka Miroslava Marcelliho: Franc\u00fazsky \u0161trukturalizmus \u2013 te\u00f3ria diskurzu"},"content":{"rendered":"<p><a href=\"http:\/\/usvl.sav.sk\/wp\/wp-content\/uploads\/marcelli.jpg\" rel=\"attachment wp-att-4197\"><img loading=\"lazy\" decoding=\"async\" class=\"alignleft size-medium wp-image-4197\" src=\"http:\/\/usvl.sav.sk\/wp\/wp-content\/uploads\/marcelli-300x188.jpg\" alt=\"marcelli\" width=\"300\" height=\"188\" srcset=\"https:\/\/usvl.sav.sk\/wp\/wp-content\/uploads\/marcelli-300x188.jpg 300w, https:\/\/usvl.sav.sk\/wp\/wp-content\/uploads\/marcelli-768x482.jpg 768w, https:\/\/usvl.sav.sk\/wp\/wp-content\/uploads\/marcelli-1024x643.jpg 1024w, https:\/\/usvl.sav.sk\/wp\/wp-content\/uploads\/marcelli.jpg 1269w\" sizes=\"auto, (max-width: 300px) 100vw, 300px\" \/><\/a>Ke\u010f hovor\u00edme o\u00a0diskurze, akoby sme sa ocitli z\u00e1rove\u0148 v\u00a0jazyku aj mimo klasick\u00fdch jazykov\u00fdch kateg\u00f3ri\u00ed. Z\u00e1rove\u0148 sa neomylne dostaneme k\u00a0filozofii franc\u00fazskeho \u0161trukturalizmu, ktor\u00e1 sa\u00a0na\u00a0Slovensku dlh\u00e9 roky sp\u00e1ja s\u00a0menom Miroslava Marcelliho. Filozof, prekladate\u013e, profesor a pedag\u00f3g prijal koncom minul\u00e9ho roka pozvanie \u00dastavu svetovej literat\u00fary na online predn\u00e1\u0161ku s\u00a0n\u00e1zvom Franc\u00fazsky \u0161trukturalizmus \u2013 te\u00f3ria diskurzu. Objas\u0148uje v nej korene svojho z\u00e1ujmu o\u00a0dielo Michaela Foucaulta, z\u00e1rove\u0148 sa venuje diskurzu ako relevantn\u00e9mu pojmu franc\u00fazskeho \u0161trukturalizmu. Pribli\u017euje ho ako konkr\u00e9tnu podobu vedenia, ktor\u00fa sk\u00famame v\u00a0sieti intersubjekt\u00edvnych vz\u0165ahov umo\u017e\u0148uj\u00facich re\u010dov\u00fa komunik\u00e1ciu.<\/p>\n<p>Z\u00e1znam predn\u00e1\u0161ky si m\u00f4\u017eete vypo\u010du\u0165 <a href=\"https:\/\/www.youtube.com\/watch?v=F1iY6WO3aL0\">TU<\/a>.<!--more--><em><br \/>\n<\/em><strong>Miroslav Marcelli<\/strong><em>\u00a0sa narodil v roku 1947 v \u017diline. \u0160t\u00fadi\u00e1 filozofie a hist\u00f3rie na Univerzite Komensk\u00e9ho v Bratislave ukon\u010dil dizert\u00e1ciou o Heglovej logike. V roku 1981 absolvoval \u0161tudijn\u00fd pobyt na Sorbone, kde sa s\u00fastredil na dielo a pr\u00edtomnos\u0165\u00a0jedn\u00e9ho z\u00a0najdiskutovanej\u0161\u00edch filozofov 20. storo\u010dia Michela Foucaulta. V 90. rokoch p\u00f4sobil na\u00a0Univerzite Blaisa Pascala vo Franc\u00fazsku a na Magdalen College v Oxforde. Je autorom po\u010detn\u00fdch \u010dl\u00e1nkov, u\u010debn\u00edc a kn\u00edh Znovuobjavenie \u010dasu, Michel Foucault alebo sta\u0165 sa in\u00fdm, Pr\u00edklad Barthes, Oravsk\u00e9 z\u00e1znamy, Dublety a \u010fal\u0161\u00edch. Okrem textov Michela Foucaulta Slov\u00e1 a veci, Toto nie je fajka, Dozera\u0165 a\u00a0tresta\u0165, Moc, subjekt a sexualita, prekladal Jeana Piageta a filozofa postmoderny Gillesa Deleuzea. Je emeritn\u00fdm profesorom filozofie na Univerzite Komensk\u00e9ho v Bratislave, zaober\u00e1 sa dejinami filozofie, semiotikou a mestsk\u00fdm priestorom. Jeho p\u00f4sobiskom je Katedra elektronickej kult\u00fary\u00a0a semiotiky Fakulty humanitn\u00fdch \u0161t\u00fadi\u00ed na Karlovej univerzite v\u00a0Prahe.<\/em><\/p>\n","protected":false},"excerpt":{"rendered":"<p>Ke\u010f hovor\u00edme o\u00a0diskurze, akoby sme sa ocitli z\u00e1rove\u0148 v\u00a0jazyku aj mimo klasick\u00fdch jazykov\u00fdch kateg\u00f3ri\u00ed. Z\u00e1rove\u0148 sa neomylne dostaneme k\u00a0filozofii franc\u00fazskeho \u0161trukturalizmu, ktor\u00e1 sa\u00a0na\u00a0Slovensku dlh\u00e9 roky sp\u00e1ja s\u00a0menom Miroslava Marcelliho. Filozof, prekladate\u013e, profesor a pedag\u00f3g prijal koncom minul\u00e9ho roka pozvanie \u00dastavu svetovej literat\u00fary na online predn\u00e1\u0161ku s\u00a0n\u00e1zvom Franc\u00fazsky \u0161trukturalizmus \u2013 te\u00f3ria diskurzu. Objas\u0148uje v nej korene &hellip; <a href=\"https:\/\/usvl.sav.sk\/wp\/?p=4192\" class=\"more-link\">Pokra\u010dova\u0165 na <span class=\"screen-reader-text\">Predn\u00e1\u0161ka Miroslava Marcelliho: Franc\u00fazsky \u0161trukturalizmus \u2013 te\u00f3ria diskurzu<\/span> <span class=\"meta-nav\">&rarr;<\/span><\/a><\/p>\n","protected":false},"author":1,"featured_media":0,"comment_status":"closed","ping_status":"open","sticky":false,"template":"","format":"audio","meta":{"footnotes":""},"categories":[40,37,13],"tags":[],"class_list":["post-4192","post","type-post","status-publish","format-audio","hentry","category-prednasky_rozne","category-audio-a-videozaznamy","category-udalosti","post_format-post-format-audio"],"_links":{"self":[{"href":"https:\/\/usvl.sav.sk\/wp\/index.php?rest_route=\/wp\/v2\/posts\/4192","targetHints":{"allow":["GET"]}}],"collection":[{"href":"https:\/\/usvl.sav.sk\/wp\/index.php?rest_route=\/wp\/v2\/posts"}],"about":[{"href":"https:\/\/usvl.sav.sk\/wp\/index.php?rest_route=\/wp\/v2\/types\/post"}],"author":[{"embeddable":true,"href":"https:\/\/usvl.sav.sk\/wp\/index.php?rest_route=\/wp\/v2\/users\/1"}],"replies":[{"embeddable":true,"href":"https:\/\/usvl.sav.sk\/wp\/index.php?rest_route=%2Fwp%2Fv2%2Fcomments&post=4192"}],"version-history":[{"count":30,"href":"https:\/\/usvl.sav.sk\/wp\/index.php?rest_route=\/wp\/v2\/posts\/4192\/revisions"}],"predecessor-version":[{"id":4297,"href":"https:\/\/usvl.sav.sk\/wp\/index.php?rest_route=\/wp\/v2\/posts\/4192\/revisions\/4297"}],"wp:attachment":[{"href":"https:\/\/usvl.sav.sk\/wp\/index.php?rest_route=%2Fwp%2Fv2%2Fmedia&parent=4192"}],"wp:term":[{"taxonomy":"category","embeddable":true,"href":"https:\/\/usvl.sav.sk\/wp\/index.php?rest_route=%2Fwp%2Fv2%2Fcategories&post=4192"},{"taxonomy":"post_tag","embeddable":true,"href":"https:\/\/usvl.sav.sk\/wp\/index.php?rest_route=%2Fwp%2Fv2%2Ftags&post=4192"}],"curies":[{"name":"wp","href":"https:\/\/api.w.org\/{rel}","templated":true}]}}