{"id":3697,"date":"2021-06-29T22:48:21","date_gmt":"2021-06-29T22:48:21","guid":{"rendered":"http:\/\/usvl.sav.sk\/wp\/?p=3697"},"modified":"2021-06-30T08:32:18","modified_gmt":"2021-06-30T08:32:18","slug":"3697","status":"publish","type":"post","link":"https:\/\/usvl.sav.sk\/wp\/?p=3697","title":{"rendered":"Prezent\u00e1cia \u010dasopisu World Literature Studies: Jazyk transcendentnej sk\u00fasenosti v liter\u00e1rno-fenomenologickej interpret\u00e1cii"},"content":{"rendered":"<p><img loading=\"lazy\" decoding=\"async\" class=\"alignleft size-medium wp-image-3699\" src=\"http:\/\/usvl.sav.sk\/wp\/wp-content\/uploads\/prezentacia_WLSdef_maly-212x300.jpg\" alt=\"prezentacia_WLSdef_maly\" width=\"212\" height=\"300\" srcset=\"https:\/\/usvl.sav.sk\/wp\/wp-content\/uploads\/prezentacia_WLSdef_maly-212x300.jpg 212w, https:\/\/usvl.sav.sk\/wp\/wp-content\/uploads\/prezentacia_WLSdef_maly-768x1086.jpg 768w, https:\/\/usvl.sav.sk\/wp\/wp-content\/uploads\/prezentacia_WLSdef_maly-724x1024.jpg 724w, https:\/\/usvl.sav.sk\/wp\/wp-content\/uploads\/prezentacia_WLSdef_maly.jpg 1190w\" sizes=\"auto, (max-width: 212px) 100vw, 212px\" \/><strong>Online podujatie<br \/>\n<\/strong><strong>30.\u00a0j\u00fana 2021 (streda)<br \/>\no\u00a015.30<\/strong><\/p>\n<p>Filozofick\u00e1 fakulta UKF v\u00a0Nitre a\u00a0\u00dastav svetovej literat\u00fary SAV v\u00a0Bratislave poz\u00fdvaj\u00fa na prezent\u00e1ciu a\u00a0plen\u00e1rnu diskusiu s\u00a0autorkami a\u00a0autormi \u0161t\u00fadi\u00ed \u010dasopisu World Literature Studies 3\/2020. \u010c\u00edslo s t\u00e9mou\u00a0<em>Jazyk transcendentnej sk\u00fasenosti v liter\u00e1rno-fenomenologickej interpret\u00e1cii <\/em>predstav\u00ed editorsk\u00e1 dvojica Magda Ku\u010derkov\u00e1 a\u00a0Martin Va\u0161ek, o\u00a0publikovan\u00fdch pr\u00edspevkoch bud\u00fa hovori\u0165 <em>Judit<\/em> <em>G\u00f6r\u00f6zdi, Silvia Ryb\u00e1rov\u00e1, Jana Juh\u00e1sov\u00e1, Izara Batres, Antonio Barn\u00e9s, Andrea Rau\u0161erov\u00e1 a\u00a0J\u00e1n Gallik. <\/em>Vo svojich\u00a0\u0161t\u00fadi\u00e1ch sa s\u00fastre\u010fuj\u00fa na problematiku jazyka transcendentnej sk\u00fasenosti a zvl\u00e1\u0161\u0165 na kateg\u00f3riu nevyjadrite\u013enosti, ako ju v dejin\u00e1ch eur\u00f3pskej literat\u00fary zachyt\u00e1vaj\u00fa texty s umeleckou, resp. estetickou hodnotou. Jednotliv\u00e9 \u0161t\u00fadie, ktor\u00e9 maj\u00fa charakter liter\u00e1rnej interpret\u00e1cie \u010di filozofickej reflexie, sa usiluj\u00fa sk\u00fama\u0165 balans medzi transcendentnou sk\u00fasenos\u0165ou a slovami, ktor\u00e9 ju zachyt\u00e1vaj\u00fa. My\u0161lienkov\u00fdm impulzom tohto uva\u017eovania, ukotven\u00e9ho v dial\u00f3gu liter\u00e1rnej vedy a fenomenol\u00f3gie, je dielo s\u00fa\u010dasn\u00e9ho franc\u00fazskeho filozofa Jeana-Luca Mariona, osobitne koncept saturovan\u00e9ho fenom\u00e9nu.<em><br \/>\n<\/em><\/p>\n<p>K prezent\u00e1cii sa m\u00f4\u017eete pripoji\u0165 na platforme ZOOM:<br \/>\n<a href=\"https:\/\/us02web.zoom.us\/j\/84506113395?pwd=M1pBVmU2aDV5SHBPWU82cTBmNUJGQT09\">https:\/\/us02web.zoom.us\/j\/84506113395pwd=M1pBVmU2aDV5SHBPWU82cTBmNUJGQT09<\/a><\/p>\n<p>Jednotliv\u00e9 \u0161t\u00fadie\u00a0si m\u00f4\u017eete pre\u010d\u00edta\u0165\u00a0<a href=\"http:\/\/www.wls.sav.sk\/?page_id=1978\">TU<\/a>.<br \/>\nKompletn\u00e9 \u010d\u00edslo \u010dasopisu WLS 3\/2020 n\u00e1jdete <a href=\"http:\/\/www.wls.sav.sk\/wp-content\/uploads\/WLS_3_2020.pdf\">TU<\/a>.<\/p>\n","protected":false},"excerpt":{"rendered":"<p>Online podujatie 30.\u00a0j\u00fana 2021 (streda) o\u00a015.30 Filozofick\u00e1 fakulta UKF v\u00a0Nitre a\u00a0\u00dastav svetovej literat\u00fary SAV v\u00a0Bratislave poz\u00fdvaj\u00fa na prezent\u00e1ciu a\u00a0plen\u00e1rnu diskusiu s\u00a0autorkami a\u00a0autormi \u0161t\u00fadi\u00ed \u010dasopisu World Literature Studies 3\/2020. \u010c\u00edslo s t\u00e9mou\u00a0Jazyk transcendentnej sk\u00fasenosti v liter\u00e1rno-fenomenologickej interpret\u00e1cii predstav\u00ed editorsk\u00e1 dvojica Magda Ku\u010derkov\u00e1 a\u00a0Martin Va\u0161ek, o\u00a0publikovan\u00fdch pr\u00edspevkoch bud\u00fa hovori\u0165 Judit G\u00f6r\u00f6zdi, Silvia Ryb\u00e1rov\u00e1, Jana Juh\u00e1sov\u00e1, Izara Batres, &hellip; <a href=\"https:\/\/usvl.sav.sk\/wp\/?p=3697\" class=\"more-link\">Pokra\u010dova\u0165 na <span class=\"screen-reader-text\">Prezent\u00e1cia \u010dasopisu World Literature Studies: Jazyk transcendentnej sk\u00fasenosti v liter\u00e1rno-fenomenologickej interpret\u00e1cii<\/span> <span class=\"meta-nav\">&rarr;<\/span><\/a><\/p>\n","protected":false},"author":1,"featured_media":0,"comment_status":"closed","ping_status":"open","sticky":false,"template":"","format":"standard","meta":{"footnotes":""},"categories":[10],"tags":[],"class_list":["post-3697","post","type-post","status-publish","format-standard","hentry","category-pozvanky"],"_links":{"self":[{"href":"https:\/\/usvl.sav.sk\/wp\/index.php?rest_route=\/wp\/v2\/posts\/3697","targetHints":{"allow":["GET"]}}],"collection":[{"href":"https:\/\/usvl.sav.sk\/wp\/index.php?rest_route=\/wp\/v2\/posts"}],"about":[{"href":"https:\/\/usvl.sav.sk\/wp\/index.php?rest_route=\/wp\/v2\/types\/post"}],"author":[{"embeddable":true,"href":"https:\/\/usvl.sav.sk\/wp\/index.php?rest_route=\/wp\/v2\/users\/1"}],"replies":[{"embeddable":true,"href":"https:\/\/usvl.sav.sk\/wp\/index.php?rest_route=%2Fwp%2Fv2%2Fcomments&post=3697"}],"version-history":[{"count":12,"href":"https:\/\/usvl.sav.sk\/wp\/index.php?rest_route=\/wp\/v2\/posts\/3697\/revisions"}],"predecessor-version":[{"id":3715,"href":"https:\/\/usvl.sav.sk\/wp\/index.php?rest_route=\/wp\/v2\/posts\/3697\/revisions\/3715"}],"wp:attachment":[{"href":"https:\/\/usvl.sav.sk\/wp\/index.php?rest_route=%2Fwp%2Fv2%2Fmedia&parent=3697"}],"wp:term":[{"taxonomy":"category","embeddable":true,"href":"https:\/\/usvl.sav.sk\/wp\/index.php?rest_route=%2Fwp%2Fv2%2Fcategories&post=3697"},{"taxonomy":"post_tag","embeddable":true,"href":"https:\/\/usvl.sav.sk\/wp\/index.php?rest_route=%2Fwp%2Fv2%2Ftags&post=3697"}],"curies":[{"name":"wp","href":"https:\/\/api.w.org\/{rel}","templated":true}]}}