{"id":3673,"date":"2021-06-18T12:26:38","date_gmt":"2021-06-18T12:26:38","guid":{"rendered":"http:\/\/usvl.sav.sk\/wp\/?p=3673"},"modified":"2021-06-18T12:30:00","modified_gmt":"2021-06-18T12:30:00","slug":"posledna-rozlucka-s-janom-jankovicom-21-7-1943-12-6-2021","status":"publish","type":"post","link":"https:\/\/usvl.sav.sk\/wp\/?p=3673","title":{"rendered":"Posledn\u00e1 rozl\u00fa\u010dka s J\u00e1nom Jankovi\u010dom (21. 7. 1943 \u2013 12. 6. 2021)"},"content":{"rendered":"<p>Dnes n\u00e1s zastihla smutn\u00e1 spr\u00e1va o \u00famrt\u00ed n\u00e1\u0161ho dlhoro\u010dn\u00e9ho kolegu, priate\u013esk\u00e9ho a \u010dinorod\u00e9ho \u010dloveka, ne\u00fanavn\u00e9ho propag\u00e1tora ju\u017enoslovansk\u00fdch literat\u00far,\u00a0 vydavate\u013ea, doktora vied J\u00e1na Jankovi\u010da.<\/p>\n<p>Posledn\u00e1 rozl\u00fa\u010dka so zosnul\u00fdm bude v pondelok 21. j\u00fana o 13. hodine na cintor\u00edne L\u00e1ny v rodnom meste Pova\u017esk\u00e1 Bystrica.<\/p>\n<p><a href=\"http:\/\/usvl.sav.sk\/wp\/wp-content\/uploads\/J\u00e1n-Jankovi\u010d.png\" rel=\"attachment wp-att-3674\"><img loading=\"lazy\" decoding=\"async\" class=\"size-medium wp-image-3674 aligncenter\" src=\"http:\/\/usvl.sav.sk\/wp\/wp-content\/uploads\/J\u00e1n-Jankovi\u010d-300x275.png\" alt=\"J\u00e1n Jankovi\u010d\" width=\"300\" height=\"275\" srcset=\"https:\/\/usvl.sav.sk\/wp\/wp-content\/uploads\/J\u00e1n-Jankovi\u010d-300x275.png 300w, https:\/\/usvl.sav.sk\/wp\/wp-content\/uploads\/J\u00e1n-Jankovi\u010d.png 550w\" sizes=\"auto, (max-width: 300px) 100vw, 300px\" \/><\/a><\/p>\n","protected":false},"excerpt":{"rendered":"<p>Dnes n\u00e1s zastihla smutn\u00e1 spr\u00e1va o \u00famrt\u00ed n\u00e1\u0161ho dlhoro\u010dn\u00e9ho kolegu, priate\u013esk\u00e9ho a \u010dinorod\u00e9ho \u010dloveka, ne\u00fanavn\u00e9ho propag\u00e1tora ju\u017enoslovansk\u00fdch literat\u00far,\u00a0 vydavate\u013ea, doktora vied J\u00e1na Jankovi\u010da. Posledn\u00e1 rozl\u00fa\u010dka so zosnul\u00fdm bude v pondelok 21. j\u00fana o 13. hodine na cintor\u00edne L\u00e1ny v rodnom meste Pova\u017esk\u00e1 Bystrica.<\/p>\n","protected":false},"author":1,"featured_media":0,"comment_status":"closed","ping_status":"open","sticky":false,"template":"","format":"standard","meta":{"footnotes":""},"categories":[11],"tags":[],"class_list":["post-3673","post","type-post","status-publish","format-standard","hentry","category-spravy"],"_links":{"self":[{"href":"https:\/\/usvl.sav.sk\/wp\/index.php?rest_route=\/wp\/v2\/posts\/3673","targetHints":{"allow":["GET"]}}],"collection":[{"href":"https:\/\/usvl.sav.sk\/wp\/index.php?rest_route=\/wp\/v2\/posts"}],"about":[{"href":"https:\/\/usvl.sav.sk\/wp\/index.php?rest_route=\/wp\/v2\/types\/post"}],"author":[{"embeddable":true,"href":"https:\/\/usvl.sav.sk\/wp\/index.php?rest_route=\/wp\/v2\/users\/1"}],"replies":[{"embeddable":true,"href":"https:\/\/usvl.sav.sk\/wp\/index.php?rest_route=%2Fwp%2Fv2%2Fcomments&post=3673"}],"version-history":[{"count":2,"href":"https:\/\/usvl.sav.sk\/wp\/index.php?rest_route=\/wp\/v2\/posts\/3673\/revisions"}],"predecessor-version":[{"id":3676,"href":"https:\/\/usvl.sav.sk\/wp\/index.php?rest_route=\/wp\/v2\/posts\/3673\/revisions\/3676"}],"wp:attachment":[{"href":"https:\/\/usvl.sav.sk\/wp\/index.php?rest_route=%2Fwp%2Fv2%2Fmedia&parent=3673"}],"wp:term":[{"taxonomy":"category","embeddable":true,"href":"https:\/\/usvl.sav.sk\/wp\/index.php?rest_route=%2Fwp%2Fv2%2Fcategories&post=3673"},{"taxonomy":"post_tag","embeddable":true,"href":"https:\/\/usvl.sav.sk\/wp\/index.php?rest_route=%2Fwp%2Fv2%2Ftags&post=3673"}],"curies":[{"name":"wp","href":"https:\/\/api.w.org\/{rel}","templated":true}]}}