{"id":3505,"date":"2021-05-14T08:06:53","date_gmt":"2021-05-14T08:06:53","guid":{"rendered":"http:\/\/usvl.sav.sk\/wp\/?p=3505"},"modified":"2021-05-14T14:56:49","modified_gmt":"2021-05-14T14:56:49","slug":"o-sirokych-kontextoch-tvorby-petera-nadasa","status":"publish","type":"post","link":"https:\/\/usvl.sav.sk\/wp\/?p=3505","title":{"rendered":"O \u0161irok\u00fdch kontextoch tvorby P\u00e9tera N\u00e1dasa"},"content":{"rendered":"<p><strong><a href=\"http:\/\/usvl.sav.sk\/wp\/wp-content\/uploads\/nadas_judit2.jpg\" rel=\"attachment wp-att-3506\"><img loading=\"lazy\" decoding=\"async\" class=\"alignleft size-medium wp-image-3506\" src=\"http:\/\/usvl.sav.sk\/wp\/wp-content\/uploads\/nadas_judit2-300x199.jpg\" alt=\"nadas_judit2\" width=\"300\" height=\"199\" srcset=\"https:\/\/usvl.sav.sk\/wp\/wp-content\/uploads\/nadas_judit2-300x199.jpg 300w, https:\/\/usvl.sav.sk\/wp\/wp-content\/uploads\/nadas_judit2-768x508.jpg 768w, https:\/\/usvl.sav.sk\/wp\/wp-content\/uploads\/nadas_judit2-1024x678.jpg 1024w, https:\/\/usvl.sav.sk\/wp\/wp-content\/uploads\/nadas_judit2.jpg 1437w\" sizes=\"auto, (max-width: 300px) 100vw, 300px\" \/><\/a><\/strong>Spisovate\u013e P\u00e9ter N\u00e1das m\u00e1 v\u00fdznamn\u00e9 postavenie v\u00a0dom\u00e1cej ma\u010farskej aj vo svetovej literat\u00fare, jeho diela dlhodobo vych\u00e1dzaj\u00fa vo ve\u013ek\u00fdch i men\u0161\u00edch\u00a0jazykoch. Ich recepciu podrobne sk\u00fama aj liter\u00e1rna veda u n\u00e1s, v\u00a0slovenskom preklade mu od roku 1999 doteraz vy\u0161iel u\u017e cel\u00fd rad kn\u00edh \u2013 rom\u00e1n Koniec rodinnej s\u00e1gy, Kniha pam\u00e4t\u00ed, tril\u00f3gia Paraleln\u00e9 pr\u00edbehy, zbierky esej\u00ed Hamlet je slobodn\u00fd a Stav vec\u00ed, s\u00fabor dr\u00e1m Upratovanie \u010di autobiografick\u00e1 kni\u017en\u00e1 esej Vlastn\u00e1 smr\u0165. O p\u00f4vodn\u00fa tvorbu tohto uzn\u00e1van\u00e9ho s\u00fa\u010dasn\u00e9ho ma\u010farsk\u00e9ho autora sa star\u00e1 vydavate\u013estvo Jelenkor, ktor\u00e9 po\u010das minul\u00e9ho\u00a0leta uprostred pand\u00e9mie prenieslo form\u00e1t liter\u00e1rnych ve\u010derov do online priestoru a od\u0161tartovalo na soci\u00e1lnych sie\u0165ach seri\u00e1l s\u00a0hashtagom #olvassn\u00e1dast (#\u010d\u00edtajn\u00e1dasa), kde sa pravidelne \u010d\u00edtaj\u00fa jeho vybran\u00e9 diela a prebiehaj\u00fa s\u00favisiace online diskusie. Hostkou jednej z\u00a0nich bola hungaristka Judit G\u00f6r\u00f6zdi, riadite\u013eka \u00dastavu svetovej literat\u00fary SAV, ktor\u00fd okrem in\u00e9ho spolupracuje aj na odbornom spracovan\u00ed N\u00e1dasov\u00fdch textov (v roku 2010 usporiadal vedeck\u00fa konferenciu Stredoeur\u00f3psky kontext tvorby P\u00e9tera N\u00e1dasa a n\u00e1sledne zostavil a spoluvydal editovan\u00fa kolekt\u00edvnu vedeck\u00fa monografiu <a href=\"https:\/\/www.martinus.sk\/?uItem=114690\">Priestory vn\u00edmania \u2013 Tvorba P\u00e9tera N\u00e1dasa<\/a>).<br \/>\nRozhovor s\u00a0Judit\u00a0G\u00f6r\u00f6zdi viedla moder\u00e1torka Anna Ott, spolo\u010dne sa ponorili do r\u00f4znych sp\u00f4sobov \u010d\u00edtania N\u00e1dasov\u00fdch diel, odha\u013eovali ich vz\u00e1jomn\u00e9 prepojenia a jedine\u010dnosti, \u0161\u00edrku kontextov, vyzdvihli mo\u017enosti ment\u00e1lnej \u010ditate\u013eskej pr\u00e1ce s\u00a0autorov\u00fdmi \u00favahami o\u00a0mechanizmoch moci a\u00a0princ\u00edpoch slobody, o podstate vz\u0165ahov a\u00a0intimity, o presn\u00fdch nastaveniach a\u00a0modeloch \u013eudsk\u00e9ho spr\u00e1vania, o schopnosti spolo\u010denskej aj osobnej sebareflexie, zd\u00f4raznili pr\u00edle\u017eitos\u0165, ba priam nevyhnutnos\u0165 otvorene vn\u00edma\u0165 odkazy jeho mnohovrstevnat\u00fdch textov, ktor\u00e9 dok\u00e1\u017eu \u010dloveka vn\u00fatorne meni\u0165.<\/p>\n<p>Rozhovor v\u00a0ma\u010far\u010dine je dostupn\u00fd na str\u00e1nke: <a href=\"https:\/\/www.facebook.com\/NadasPeter.Jelenkor\/videos\/287826102831362\">https:\/\/www.facebook.com\/NadasPeter.Jelenkor\/videos\/287826102831362<\/a><\/p>\n<p>Recenziu na monografiu Priestory vn\u00edmania &#8211; Tvorba P\u00e9tera N\u00e1dasa, ktor\u00fa zostavila Judit\u00a0G\u00f6r\u00f6zdi, si m\u00f4\u017eete pre\u010d\u00edta\u0165 <a href=\"https:\/\/www.sav.sk\/journals\/uploads\/01181357--SL-2012-1-csiba-73-76.pdf\">TU<\/a>.<\/p>\n<p>Pre\u010d\u00edtajte si aj doslov Judit\u00a0G\u00f6r\u00f6zdi ku knihe esej\u00ed <em>Stav vec\u00ed <\/em>(prel. Ren\u00e1ta De\u00e1kov\u00e1) , ktor\u00e1 vy\u0161la v roku 2020 vo vydavate\u013estve PLAV: <a href=\"http:\/\/usvl.sav.sk\/wp\/wp-content\/uploads\/Doslov_N\u00e1das_J.-Gorozdi.pdf\" rel=\"\">Doslov_Stav_veci<\/a>.<\/p>\n","protected":false},"excerpt":{"rendered":"<p>Spisovate\u013e P\u00e9ter N\u00e1das m\u00e1 v\u00fdznamn\u00e9 postavenie v\u00a0dom\u00e1cej ma\u010farskej aj vo svetovej literat\u00fare, jeho diela dlhodobo vych\u00e1dzaj\u00fa vo ve\u013ek\u00fdch i men\u0161\u00edch\u00a0jazykoch. Ich recepciu podrobne sk\u00fama aj liter\u00e1rna veda u n\u00e1s, v\u00a0slovenskom preklade mu od roku 1999 doteraz vy\u0161iel u\u017e cel\u00fd rad kn\u00edh \u2013 rom\u00e1n Koniec rodinnej s\u00e1gy, Kniha pam\u00e4t\u00ed, tril\u00f3gia Paraleln\u00e9 pr\u00edbehy, zbierky esej\u00ed Hamlet je &hellip; <a href=\"https:\/\/usvl.sav.sk\/wp\/?p=3505\" class=\"more-link\">Pokra\u010dova\u0165 na <span class=\"screen-reader-text\">O \u0161irok\u00fdch kontextoch tvorby P\u00e9tera N\u00e1dasa<\/span> <span class=\"meta-nav\">&rarr;<\/span><\/a><\/p>\n","protected":false},"author":1,"featured_media":0,"comment_status":"closed","ping_status":"open","sticky":false,"template":"","format":"standard","meta":{"footnotes":""},"categories":[13],"tags":[],"class_list":["post-3505","post","type-post","status-publish","format-standard","hentry","category-udalosti"],"_links":{"self":[{"href":"https:\/\/usvl.sav.sk\/wp\/index.php?rest_route=\/wp\/v2\/posts\/3505","targetHints":{"allow":["GET"]}}],"collection":[{"href":"https:\/\/usvl.sav.sk\/wp\/index.php?rest_route=\/wp\/v2\/posts"}],"about":[{"href":"https:\/\/usvl.sav.sk\/wp\/index.php?rest_route=\/wp\/v2\/types\/post"}],"author":[{"embeddable":true,"href":"https:\/\/usvl.sav.sk\/wp\/index.php?rest_route=\/wp\/v2\/users\/1"}],"replies":[{"embeddable":true,"href":"https:\/\/usvl.sav.sk\/wp\/index.php?rest_route=%2Fwp%2Fv2%2Fcomments&post=3505"}],"version-history":[{"count":10,"href":"https:\/\/usvl.sav.sk\/wp\/index.php?rest_route=\/wp\/v2\/posts\/3505\/revisions"}],"predecessor-version":[{"id":3530,"href":"https:\/\/usvl.sav.sk\/wp\/index.php?rest_route=\/wp\/v2\/posts\/3505\/revisions\/3530"}],"wp:attachment":[{"href":"https:\/\/usvl.sav.sk\/wp\/index.php?rest_route=%2Fwp%2Fv2%2Fmedia&parent=3505"}],"wp:term":[{"taxonomy":"category","embeddable":true,"href":"https:\/\/usvl.sav.sk\/wp\/index.php?rest_route=%2Fwp%2Fv2%2Fcategories&post=3505"},{"taxonomy":"post_tag","embeddable":true,"href":"https:\/\/usvl.sav.sk\/wp\/index.php?rest_route=%2Fwp%2Fv2%2Ftags&post=3505"}],"curies":[{"name":"wp","href":"https:\/\/api.w.org\/{rel}","templated":true}]}}