{"id":3278,"date":"2021-03-10T09:42:43","date_gmt":"2021-03-10T09:42:43","guid":{"rendered":"http:\/\/usvl.sav.sk\/wp\/?p=3278"},"modified":"2025-08-06T09:05:20","modified_gmt":"2025-08-06T09:05:20","slug":"choroby-nesu-v-sebe-dolezite-metafory-ktore-mozu-burat-tabu","status":"publish","type":"post","link":"https:\/\/usvl.sav.sk\/wp\/?p=3278","title":{"rendered":"Choroby nes\u00fa v sebe d\u00f4le\u017eit\u00e9 metafory, ktor\u00e9 m\u00f4\u017eu b\u00fara\u0165 tabu"},"content":{"rendered":"<p><a href=\"http:\/\/usvl.sav.sk\/wp\/wp-content\/uploads\/portret.jpg\" rel=\"attachment wp-att-3279\"><img loading=\"lazy\" decoding=\"async\" class=\"alignleft size-medium wp-image-3279\" src=\"http:\/\/usvl.sav.sk\/wp\/wp-content\/uploads\/portret-300x255.jpg\" alt=\"roman_mikulas\" width=\"300\" height=\"255\" srcset=\"https:\/\/usvl.sav.sk\/wp\/wp-content\/uploads\/portret-300x255.jpg 300w, https:\/\/usvl.sav.sk\/wp\/wp-content\/uploads\/portret-768x654.jpg 768w, https:\/\/usvl.sav.sk\/wp\/wp-content\/uploads\/portret-1024x872.jpg 1024w\" sizes=\"auto, (max-width: 300px) 100vw, 300px\" \/><\/a><strong>Liter\u00e1rne patografie ako kroniky utrpenia. O\u00a0analogiz\u00e1ci\u00e1ch pre\u017e\u00edvania chor\u00f4b v\u00a0autobiografick\u00fdch dielach nemecky p\u00ed\u0161ucich autorov a autoriek.<\/strong><strong><br \/>\nIngeborg Bachmann, Thomas Bernhard, Fritz Zorn, Kathrin Schmidt<\/strong><\/p>\n<p><em>Mgr. Roman Mikul\u00e1\u0161, PhD.<\/em><br \/>\n<em>Predn\u00e1\u0161ka zo d\u0148a 24. 2. 2021,<\/em><br \/>\n<em>\u00dastav svetovej literat\u00fary SAV<\/em><\/p>\n<p>T\u00e9ma metafory a jej s\u00favislosti s chorobami \u010dloveka otv\u00e1ra\u00a0\u0161k\u00e1lu\u00a0n\u00e1zorov na sebareflexiu\u00a0v liter\u00e1rnych dielach. Roman Mikul\u00e1\u0161 vo svojej predn\u00e1\u0161ke\u00a0pribli\u017euje metaforiz\u00e1ciu choroby ako sp\u00f4sob myslenia, ktor\u00fd umo\u017e\u0148uje op\u00edsa\u0165 nov\u00e9 fenom\u00e9ny a b\u00fara\u0165 tabu.\u00a0V\u00fdchodiskom\u00a0jeho postoja je\u00a0presved\u010denie, \u017ee hovori\u0165 o chorobe znamen\u00e1 metaforizova\u0165 ju.\u00a0\u00a0Do problematiky \u0165a\u017eko uchopite\u013en\u00fdch sk\u00fasenost\u00ed autorov a autoriek na pozad\u00ed psychick\u00fdch a fyzick\u00fdch chor\u00f4b vo vz\u0165ahu k metafore\u00a0 n\u00e1s uv\u00e1dza cez\u00a0autobiografick\u00e9 texty\u00a0Ingeborg Bachmann, Thomasa Bernharda, Fritza Zorna a Kathrin Schmidt.<\/p>\n<p>Z\u00e1znam z predn\u00e1\u0161ky si m\u00f4\u017eete vypo\u010du\u0165 <a href=\"https:\/\/www.youtube.com\/watch?v=BBr0bXKqMAY\">TU<\/a>.<\/p>\n<p>&nbsp;<\/p>\n","protected":false},"excerpt":{"rendered":"<p>Liter\u00e1rne patografie ako kroniky utrpenia. O\u00a0analogiz\u00e1ci\u00e1ch pre\u017e\u00edvania chor\u00f4b v\u00a0autobiografick\u00fdch dielach nemecky p\u00ed\u0161ucich autorov a autoriek. Ingeborg Bachmann, Thomas Bernhard, Fritz Zorn, Kathrin Schmidt Mgr. Roman Mikul\u00e1\u0161, PhD. Predn\u00e1\u0161ka zo d\u0148a 24. 2. 2021, \u00dastav svetovej literat\u00fary SAV T\u00e9ma metafory a jej s\u00favislosti s chorobami \u010dloveka otv\u00e1ra\u00a0\u0161k\u00e1lu\u00a0n\u00e1zorov na sebareflexiu\u00a0v liter\u00e1rnych dielach. Roman Mikul\u00e1\u0161 vo svojej predn\u00e1\u0161ke\u00a0pribli\u017euje &hellip; <a href=\"https:\/\/usvl.sav.sk\/wp\/?p=3278\" class=\"more-link\">Pokra\u010dova\u0165 na <span class=\"screen-reader-text\">Choroby nes\u00fa v sebe d\u00f4le\u017eit\u00e9 metafory, ktor\u00e9 m\u00f4\u017eu b\u00fara\u0165 tabu<\/span> <span class=\"meta-nav\">&rarr;<\/span><\/a><\/p>\n","protected":false},"author":1,"featured_media":0,"comment_status":"closed","ping_status":"open","sticky":false,"template":"","format":"audio","meta":{"footnotes":""},"categories":[40,37,11],"tags":[],"class_list":["post-3278","post","type-post","status-publish","format-audio","hentry","category-prednasky_rozne","category-audio-a-videozaznamy","category-spravy","post_format-post-format-audio"],"_links":{"self":[{"href":"https:\/\/usvl.sav.sk\/wp\/index.php?rest_route=\/wp\/v2\/posts\/3278","targetHints":{"allow":["GET"]}}],"collection":[{"href":"https:\/\/usvl.sav.sk\/wp\/index.php?rest_route=\/wp\/v2\/posts"}],"about":[{"href":"https:\/\/usvl.sav.sk\/wp\/index.php?rest_route=\/wp\/v2\/types\/post"}],"author":[{"embeddable":true,"href":"https:\/\/usvl.sav.sk\/wp\/index.php?rest_route=\/wp\/v2\/users\/1"}],"replies":[{"embeddable":true,"href":"https:\/\/usvl.sav.sk\/wp\/index.php?rest_route=%2Fwp%2Fv2%2Fcomments&post=3278"}],"version-history":[{"count":5,"href":"https:\/\/usvl.sav.sk\/wp\/index.php?rest_route=\/wp\/v2\/posts\/3278\/revisions"}],"predecessor-version":[{"id":3340,"href":"https:\/\/usvl.sav.sk\/wp\/index.php?rest_route=\/wp\/v2\/posts\/3278\/revisions\/3340"}],"wp:attachment":[{"href":"https:\/\/usvl.sav.sk\/wp\/index.php?rest_route=%2Fwp%2Fv2%2Fmedia&parent=3278"}],"wp:term":[{"taxonomy":"category","embeddable":true,"href":"https:\/\/usvl.sav.sk\/wp\/index.php?rest_route=%2Fwp%2Fv2%2Fcategories&post=3278"},{"taxonomy":"post_tag","embeddable":true,"href":"https:\/\/usvl.sav.sk\/wp\/index.php?rest_route=%2Fwp%2Fv2%2Ftags&post=3278"}],"curies":[{"name":"wp","href":"https:\/\/api.w.org\/{rel}","templated":true}]}}