{"id":3231,"date":"2021-02-18T09:19:48","date_gmt":"2021-02-18T09:19:48","guid":{"rendered":"http:\/\/usvl.sav.sk\/wp\/?p=3231"},"modified":"2021-03-25T13:02:33","modified_gmt":"2021-03-25T13:02:33","slug":"predstavujeme-publikaciu-o-vyskume-metafory-a-jej-vplyve-na-realitu","status":"publish","type":"post","link":"https:\/\/usvl.sav.sk\/wp\/?p=3231","title":{"rendered":"Predstavujeme publik\u00e1ciu o v\u00fdskume metafory a jej vplyve na realitu"},"content":{"rendered":"<p><a href=\"http:\/\/usvl.sav.sk\/wp\/wp-content\/uploads\/Anotacia-Mikulas_Metaphernforschung-1.jpg\" rel=\"attachment wp-att-2969\"><img loading=\"lazy\" decoding=\"async\" class=\"alignleft size-medium wp-image-2969\" src=\"http:\/\/usvl.sav.sk\/wp\/wp-content\/uploads\/Anotacia-Mikulas_Metaphernforschung-1-211x300.jpg\" alt=\"Anotacia Mikulas_Metaphernforschung\" width=\"211\" height=\"300\" srcset=\"https:\/\/usvl.sav.sk\/wp\/wp-content\/uploads\/Anotacia-Mikulas_Metaphernforschung-1-211x300.jpg 211w, https:\/\/usvl.sav.sk\/wp\/wp-content\/uploads\/Anotacia-Mikulas_Metaphernforschung-1-768x1092.jpg 768w, https:\/\/usvl.sav.sk\/wp\/wp-content\/uploads\/Anotacia-Mikulas_Metaphernforschung-1-720x1024.jpg 720w, https:\/\/usvl.sav.sk\/wp\/wp-content\/uploads\/Anotacia-Mikulas_Metaphernforschung-1.jpg 1295w\" sizes=\"auto, (max-width: 211px) 100vw, 211px\" \/><\/a>\u010co\u00a0znamen\u00e1 metafora v \u013eudskej komunik\u00e1cii? Ako ovplyv\u0148uje myslenie a \u010d\u00edm formuje n\u00e1\u0161 orienta\u010dn\u00fd priestor? Odpovede na \u0161pecifick\u00e9 ot\u00e1zky o tom, ako v metafor\u00e1ch existuje\u00a0\u013eudsk\u00e1 realita, prin\u00e1\u0161a nov\u00e1 publik\u00e1cia Romana Mikul\u00e1\u0161a\u00a0<em>V\u00fdskum metafory<br \/>\n<\/em><em>v interdisciplin\u00e1rnych a interdiskurz\u00edvnych perspekt\u00edvach<\/em>, ktor\u00e1 vy\u0161la koncom minul\u00e9ho roka v nemeckom vydavate\u013estve\u00a0 Brill\/mentis.\u00a0Jednotliv\u00e9 \u0161t\u00fadie\u00a0reflektuj\u00fa metaforu ako\u00a0s\u00fa\u010das\u0165 procesu, ktor\u00fd mo\u017eno sk\u00fama\u0165 z viacer\u00fdch perspekt\u00edv vied o \u010dloveku. Autori a autorky\u00a0pr\u00edspevkov\u00a0 nevn\u00edmaj\u00fa metaforu prim\u00e1rne ako fenom\u00e9n syst\u00e9mu jazyka, sk\u00f4r ako zvl\u00e1\u0161tny druh prepojenia kogn\u00edcie a komunik\u00e1cie.<\/p>\n","protected":false},"excerpt":{"rendered":"<p>\u010co\u00a0znamen\u00e1 metafora v \u013eudskej komunik\u00e1cii? Ako ovplyv\u0148uje myslenie a \u010d\u00edm formuje n\u00e1\u0161 orienta\u010dn\u00fd priestor? Odpovede na \u0161pecifick\u00e9 ot\u00e1zky o tom, ako v metafor\u00e1ch existuje\u00a0\u013eudsk\u00e1 realita, prin\u00e1\u0161a nov\u00e1 publik\u00e1cia Romana Mikul\u00e1\u0161a\u00a0V\u00fdskum metafory v interdisciplin\u00e1rnych a interdiskurz\u00edvnych perspekt\u00edvach, ktor\u00e1 vy\u0161la koncom minul\u00e9ho roka v nemeckom vydavate\u013estve\u00a0 Brill\/mentis.\u00a0Jednotliv\u00e9 \u0161t\u00fadie\u00a0reflektuj\u00fa metaforu ako\u00a0s\u00fa\u010das\u0165 procesu, ktor\u00fd mo\u017eno sk\u00fama\u0165 z viacer\u00fdch perspekt\u00edv &hellip; <a href=\"https:\/\/usvl.sav.sk\/wp\/?p=3231\" class=\"more-link\">Pokra\u010dova\u0165 na <span class=\"screen-reader-text\">Predstavujeme publik\u00e1ciu o v\u00fdskume metafory a jej vplyve na realitu<\/span> <span class=\"meta-nav\">&rarr;<\/span><\/a><\/p>\n","protected":false},"author":1,"featured_media":0,"comment_status":"closed","ping_status":"open","sticky":false,"template":"","format":"standard","meta":{"footnotes":""},"categories":[12,11],"tags":[],"class_list":["post-3231","post","type-post","status-publish","format-standard","hentry","category-nove-knihy","category-spravy"],"_links":{"self":[{"href":"https:\/\/usvl.sav.sk\/wp\/index.php?rest_route=\/wp\/v2\/posts\/3231","targetHints":{"allow":["GET"]}}],"collection":[{"href":"https:\/\/usvl.sav.sk\/wp\/index.php?rest_route=\/wp\/v2\/posts"}],"about":[{"href":"https:\/\/usvl.sav.sk\/wp\/index.php?rest_route=\/wp\/v2\/types\/post"}],"author":[{"embeddable":true,"href":"https:\/\/usvl.sav.sk\/wp\/index.php?rest_route=\/wp\/v2\/users\/1"}],"replies":[{"embeddable":true,"href":"https:\/\/usvl.sav.sk\/wp\/index.php?rest_route=%2Fwp%2Fv2%2Fcomments&post=3231"}],"version-history":[{"count":6,"href":"https:\/\/usvl.sav.sk\/wp\/index.php?rest_route=\/wp\/v2\/posts\/3231\/revisions"}],"predecessor-version":[{"id":3237,"href":"https:\/\/usvl.sav.sk\/wp\/index.php?rest_route=\/wp\/v2\/posts\/3231\/revisions\/3237"}],"wp:attachment":[{"href":"https:\/\/usvl.sav.sk\/wp\/index.php?rest_route=%2Fwp%2Fv2%2Fmedia&parent=3231"}],"wp:term":[{"taxonomy":"category","embeddable":true,"href":"https:\/\/usvl.sav.sk\/wp\/index.php?rest_route=%2Fwp%2Fv2%2Fcategories&post=3231"},{"taxonomy":"post_tag","embeddable":true,"href":"https:\/\/usvl.sav.sk\/wp\/index.php?rest_route=%2Fwp%2Fv2%2Ftags&post=3231"}],"curies":[{"name":"wp","href":"https:\/\/api.w.org\/{rel}","templated":true}]}}