{"id":3183,"date":"2021-02-10T11:55:39","date_gmt":"2021-02-10T11:55:39","guid":{"rendered":"http:\/\/usvl.sav.sk\/wp\/?p=3183"},"modified":"2025-08-06T09:06:31","modified_gmt":"2025-08-06T09:06:31","slug":"3183","status":"publish","type":"post","link":"https:\/\/usvl.sav.sk\/wp\/?p=3183","title":{"rendered":"Kto rozpr\u00e1va v s\u00fa\u010dasn\u00fdch rom\u00e1noch o historickej pravde"},"content":{"rendered":"<p><strong><a href=\"http:\/\/usvl.sav.sk\/wp\/wp-content\/uploads\/6163770f-531e-493a-89e7-1cb022cb23e1.jpg\" rel=\"attachment wp-att-3184\"><img loading=\"lazy\" decoding=\"async\" class=\"alignleft size-medium wp-image-3184\" src=\"http:\/\/usvl.sav.sk\/wp\/wp-content\/uploads\/6163770f-531e-493a-89e7-1cb022cb23e1-225x300.jpg\" alt=\"silvia_rybarova\" width=\"225\" height=\"300\" srcset=\"https:\/\/usvl.sav.sk\/wp\/wp-content\/uploads\/6163770f-531e-493a-89e7-1cb022cb23e1-225x300.jpg 225w, https:\/\/usvl.sav.sk\/wp\/wp-content\/uploads\/6163770f-531e-493a-89e7-1cb022cb23e1.jpg 768w\" sizes=\"auto, (max-width: 225px) 100vw, 225px\" \/><\/a><\/strong><strong>Nov\u00e9 sp\u00f4soby p\u00edsania dej\u00edn v s\u00fa\u010dasnom franc\u00fazskom rom\u00e1ne. P. Modiano, L. Binet, S. Germain<\/strong><strong><br \/>\n<\/strong><\/p>\n<p>Mgr. Silvia Ryb\u00e1rov\u00e1, PhD.<br \/>\n<em>Predn\u00e1\u0161ka zo d\u0148a 27. janu\u00e1ra 2021,<br \/>\n\u00dastav svetovej literat\u00fary SAV<\/em><\/p>\n<p>Spracovanie dej\u00edn v\u00a0rom\u00e1noch prin\u00e1\u0161a so sebou aj rizik\u00e1. Spo\u010d\u00edvaj\u00fa najm\u00e4 v\u00a0tom, \u017ee autori a autorky pracuj\u00fa s\u00a0historickou pravdou. Ako sa m\u00f4\u017eu venova\u0165 historickej t\u00e9me, akou formou sa identifikuj\u00fa so svoj\u00edm\u00a0rozpr\u00e1va\u010dom? Je \u00fanosn\u00e1 miera vplyvu z\u00e1bavnej kult\u00fary na seri\u00f3zne fakty a inform\u00e1cie? T\u00fdchto p\u00e1l\u010div\u00fdch t\u00e9m sa v\u00a0uplynul\u00fdch rokoch dot\u00fdkaj\u00fa franc\u00fazske rom\u00e1ny a\u00a0v\u00a0s\u00favislosti so silnej\u00facim z\u00e1ujmom o\u00a0udalosti 2. svetovej vojny vyvol\u00e1vaj\u00fa polemiky. Aktu\u00e1lny kontext rom\u00e1nov\u00e9ho spracovania dej\u00edn pribl\u00ed\u017eila vedeck\u00e1 pracovn\u00ed\u010dka \u00daSvL SAV Silvia Ryb\u00e1rov\u00e1 v\u00a0troch dielach s\u00fa\u010dasnej franc\u00fazskej literat\u00fary.<\/p>\n<p>Z\u00e1znam predn\u00e1\u0161ky si m\u00f4\u017eete vypo\u010du\u0165 <a href=\"https:\/\/www.youtube.com\/watch?v=gdYvpzG0Ox0&amp;feature=youtu.be\">TU<\/a>.<\/p>\n","protected":false},"excerpt":{"rendered":"<p>Nov\u00e9 sp\u00f4soby p\u00edsania dej\u00edn v s\u00fa\u010dasnom franc\u00fazskom rom\u00e1ne. P. Modiano, L. Binet, S. Germain Mgr. Silvia Ryb\u00e1rov\u00e1, PhD. Predn\u00e1\u0161ka zo d\u0148a 27. janu\u00e1ra 2021, \u00dastav svetovej literat\u00fary SAV Spracovanie dej\u00edn v\u00a0rom\u00e1noch prin\u00e1\u0161a so sebou aj rizik\u00e1. Spo\u010d\u00edvaj\u00fa najm\u00e4 v\u00a0tom, \u017ee autori a autorky pracuj\u00fa s\u00a0historickou pravdou. Ako sa m\u00f4\u017eu venova\u0165 historickej t\u00e9me, akou formou sa &hellip; <a href=\"https:\/\/usvl.sav.sk\/wp\/?p=3183\" class=\"more-link\">Pokra\u010dova\u0165 na <span class=\"screen-reader-text\">Kto rozpr\u00e1va v s\u00fa\u010dasn\u00fdch rom\u00e1noch o historickej pravde<\/span> <span class=\"meta-nav\">&rarr;<\/span><\/a><\/p>\n","protected":false},"author":1,"featured_media":0,"comment_status":"closed","ping_status":"open","sticky":false,"template":"","format":"audio","meta":{"footnotes":""},"categories":[40,37,11],"tags":[],"class_list":["post-3183","post","type-post","status-publish","format-audio","hentry","category-prednasky_rozne","category-audio-a-videozaznamy","category-spravy","post_format-post-format-audio"],"_links":{"self":[{"href":"https:\/\/usvl.sav.sk\/wp\/index.php?rest_route=\/wp\/v2\/posts\/3183","targetHints":{"allow":["GET"]}}],"collection":[{"href":"https:\/\/usvl.sav.sk\/wp\/index.php?rest_route=\/wp\/v2\/posts"}],"about":[{"href":"https:\/\/usvl.sav.sk\/wp\/index.php?rest_route=\/wp\/v2\/types\/post"}],"author":[{"embeddable":true,"href":"https:\/\/usvl.sav.sk\/wp\/index.php?rest_route=\/wp\/v2\/users\/1"}],"replies":[{"embeddable":true,"href":"https:\/\/usvl.sav.sk\/wp\/index.php?rest_route=%2Fwp%2Fv2%2Fcomments&post=3183"}],"version-history":[{"count":12,"href":"https:\/\/usvl.sav.sk\/wp\/index.php?rest_route=\/wp\/v2\/posts\/3183\/revisions"}],"predecessor-version":[{"id":3199,"href":"https:\/\/usvl.sav.sk\/wp\/index.php?rest_route=\/wp\/v2\/posts\/3183\/revisions\/3199"}],"wp:attachment":[{"href":"https:\/\/usvl.sav.sk\/wp\/index.php?rest_route=%2Fwp%2Fv2%2Fmedia&parent=3183"}],"wp:term":[{"taxonomy":"category","embeddable":true,"href":"https:\/\/usvl.sav.sk\/wp\/index.php?rest_route=%2Fwp%2Fv2%2Fcategories&post=3183"},{"taxonomy":"post_tag","embeddable":true,"href":"https:\/\/usvl.sav.sk\/wp\/index.php?rest_route=%2Fwp%2Fv2%2Ftags&post=3183"}],"curies":[{"name":"wp","href":"https:\/\/api.w.org\/{rel}","templated":true}]}}