{"id":3103,"date":"2021-01-21T12:30:00","date_gmt":"2021-01-21T12:30:00","guid":{"rendered":"http:\/\/usvl.sav.sk\/wp\/?p=3103"},"modified":"2021-02-09T08:50:33","modified_gmt":"2021-02-09T08:50:33","slug":"silvia-rybarova-nove-sposoby-pisania-dejin-v-sucasnom-francuzskom-romane-p-modiano-l-binet-s-germain","status":"publish","type":"post","link":"https:\/\/usvl.sav.sk\/wp\/?p=3103","title":{"rendered":"Silvia Ryb\u00e1rov\u00e1: Nov\u00e9 sp\u00f4soby p\u00edsania dej\u00edn v s\u00fa\u010dasnom franc\u00fazskom rom\u00e1ne. P. Modiano, L. Binet, S. Germain"},"content":{"rendered":"<p><a href=\"http:\/\/usvl.sav.sk\/wp\/wp-content\/uploads\/prednaska-silvia-rybarova-na-web-1.png\" rel=\"attachment wp-att-3131\"><img loading=\"lazy\" decoding=\"async\" class=\"alignleft size-medium wp-image-3131\" src=\"http:\/\/usvl.sav.sk\/wp\/wp-content\/uploads\/prednaska-silvia-rybarova-na-web-1-211x300.png\" alt=\"prednaska silvia rybarova na web\" width=\"211\" height=\"300\" srcset=\"https:\/\/usvl.sav.sk\/wp\/wp-content\/uploads\/prednaska-silvia-rybarova-na-web-1-211x300.png 211w, https:\/\/usvl.sav.sk\/wp\/wp-content\/uploads\/prednaska-silvia-rybarova-na-web-1-720x1024.png 720w, https:\/\/usvl.sav.sk\/wp\/wp-content\/uploads\/prednaska-silvia-rybarova-na-web-1.png 731w\" sizes=\"auto, (max-width: 211px) 100vw, 211px\" \/><\/a><a href=\"http:\/\/usvl.sav.sk\/wp\/wp-content\/uploads\/pozvanka-prednaska-silvia-rybarova-1.png\" rel=\"attachment wp-att-3107\">POZV\u00c1NKA NA ONLINE PREDN\u00c1\u0160KU<\/a><br \/>\nD\u00e1tum a \u010das:<br \/>\n<strong>27. 1. 2021 o 10:00<\/strong><\/p>\n<p>Uva\u017eovanie o vz\u0165ahu literat\u00fary a dej\u00edn bolo v\u017edy s\u00fa\u010das\u0165ou myslenia, av\u0161ak obdobie po roku 2000 prinieslo vo franc\u00fazskych intelektu\u00e1lnych kruhoch v tomto smere nev\u00eddan\u00e9 o\u017eivenie. Polemiky v s\u00favislosti so silnej\u00facim z\u00e1ujmom rom\u00e1nu o udalosti 2. svetovej vojny a vyhladzovac\u00edch t\u00e1borov z\u00e1konite nasto\u013euj\u00fa ot\u00e1zky \u201ekrehkosti\u201d historickej discipl\u00edny a opr\u00e1vnenosti rom\u00e1nu \u201eprodukova\u0165 historick\u00e9 poznanie\u201d. Najm\u00e4 vtedy, ke\u010f s\u00fa\u010dasn\u00ed spisovatelia a spisovate\u013eky zauj\u00edmaj\u00fa na pomyselnej osi pravda-predstavivos\u0165 neraz extr\u00e9mne polohy p\u00edsania \u2013\u00a0od bezv\u00fdhradn\u00e9ho pri\u013enutia k faktom\u00a0po svojvo\u013en\u00e9 prestupovanie hran\u00edc skuto\u010dnosti. Franc\u00fazsky rom\u00e1n sa v posledn\u00fdch rokoch dot\u00fdka aj mnoh\u00fdch \u010fal\u0161\u00edch p\u00e1l\u010div\u00fdch ot\u00e1zok, napr. kolekt\u00edvnej pam\u00e4ti, medzigenera\u010dnej traumy, naru\u0161enej identity a pod., pri\u010dom h\u013ead\u00e1 nov\u00e9 sp\u00f4soby vyjadrenia.<br \/>\nMgr. Silvia Ryb\u00e1rov\u00e1 PhD. sa vo svojej predn\u00e1\u0161ke pok\u00fasi na\u010drtn\u00fa\u0165 aktu\u00e1lny kontext rom\u00e1nov\u00e9ho spracovania dej\u00edn a predostrie\u0165 jeho podoby v dielach dvoch s\u00fa\u010dasn\u00fdch autorov a jednej autorky. Z\u00e1rove\u0148 sa pok\u00fasi identifikova\u0165 niektor\u00e9 ich spolo\u010dn\u00e9 \u010drty, ktor\u00e9 by sme mohli pova\u017eova\u0165 za symptomatick\u00e9 pre p\u00edsanie o dejin\u00e1ch v 21. storo\u010d\u00ed.<\/p>\n<p><em>Mo\u017enos\u0165 z\u00fa\u010dastni\u0165 sa na online predn\u00e1\u0161ke maj\u00fa aj z\u00e1ujemcovia z extern\u00e9ho prostredia. Pre z\u00edskanie linku sa m\u00f4\u017eu prihl\u00e1si\u0165 na mailovej adrese robert.gafrik@savba.sk.<\/em><\/p>\n<p><em>\u00a0<\/em><\/p>\n","protected":false},"excerpt":{"rendered":"<p>POZV\u00c1NKA NA ONLINE PREDN\u00c1\u0160KU D\u00e1tum a \u010das: 27. 1. 2021 o 10:00 Uva\u017eovanie o vz\u0165ahu literat\u00fary a dej\u00edn bolo v\u017edy s\u00fa\u010das\u0165ou myslenia, av\u0161ak obdobie po roku 2000 prinieslo vo franc\u00fazskych intelektu\u00e1lnych kruhoch v tomto smere nev\u00eddan\u00e9 o\u017eivenie. Polemiky v s\u00favislosti so silnej\u00facim z\u00e1ujmom rom\u00e1nu o udalosti 2. svetovej vojny a vyhladzovac\u00edch t\u00e1borov z\u00e1konite nasto\u013euj\u00fa ot\u00e1zky &hellip; <a href=\"https:\/\/usvl.sav.sk\/wp\/?p=3103\" class=\"more-link\">Pokra\u010dova\u0165 na <span class=\"screen-reader-text\">Silvia Ryb\u00e1rov\u00e1: Nov\u00e9 sp\u00f4soby p\u00edsania dej\u00edn v s\u00fa\u010dasnom franc\u00fazskom rom\u00e1ne. P. Modiano, L. Binet, S. Germain<\/span> <span class=\"meta-nav\">&rarr;<\/span><\/a><\/p>\n","protected":false},"author":1,"featured_media":0,"comment_status":"closed","ping_status":"open","sticky":false,"template":"","format":"standard","meta":{"footnotes":""},"categories":[10],"tags":[],"class_list":["post-3103","post","type-post","status-publish","format-standard","hentry","category-pozvanky"],"_links":{"self":[{"href":"https:\/\/usvl.sav.sk\/wp\/index.php?rest_route=\/wp\/v2\/posts\/3103","targetHints":{"allow":["GET"]}}],"collection":[{"href":"https:\/\/usvl.sav.sk\/wp\/index.php?rest_route=\/wp\/v2\/posts"}],"about":[{"href":"https:\/\/usvl.sav.sk\/wp\/index.php?rest_route=\/wp\/v2\/types\/post"}],"author":[{"embeddable":true,"href":"https:\/\/usvl.sav.sk\/wp\/index.php?rest_route=\/wp\/v2\/users\/1"}],"replies":[{"embeddable":true,"href":"https:\/\/usvl.sav.sk\/wp\/index.php?rest_route=%2Fwp%2Fv2%2Fcomments&post=3103"}],"version-history":[{"count":15,"href":"https:\/\/usvl.sav.sk\/wp\/index.php?rest_route=\/wp\/v2\/posts\/3103\/revisions"}],"predecessor-version":[{"id":3167,"href":"https:\/\/usvl.sav.sk\/wp\/index.php?rest_route=\/wp\/v2\/posts\/3103\/revisions\/3167"}],"wp:attachment":[{"href":"https:\/\/usvl.sav.sk\/wp\/index.php?rest_route=%2Fwp%2Fv2%2Fmedia&parent=3103"}],"wp:term":[{"taxonomy":"category","embeddable":true,"href":"https:\/\/usvl.sav.sk\/wp\/index.php?rest_route=%2Fwp%2Fv2%2Fcategories&post=3103"},{"taxonomy":"post_tag","embeddable":true,"href":"https:\/\/usvl.sav.sk\/wp\/index.php?rest_route=%2Fwp%2Fv2%2Ftags&post=3103"}],"curies":[{"name":"wp","href":"https:\/\/api.w.org\/{rel}","templated":true}]}}