{"id":3034,"date":"2020-12-03T21:38:48","date_gmt":"2020-12-03T21:38:48","guid":{"rendered":"http:\/\/usvl.sav.sk\/wp\/?p=3034"},"modified":"2025-08-07T10:59:40","modified_gmt":"2025-08-07T10:59:40","slug":"profesor-adam-bzoch-v-podcaste-u-michala-hvoreckeho","status":"publish","type":"post","link":"https:\/\/usvl.sav.sk\/wp\/?p=3034","title":{"rendered":"Profesor Adam B\u017eoch v podcaste u Michala Hvoreck\u00e9ho"},"content":{"rendered":"<p><a href=\"http:\/\/usvl.sav.sk\/wp\/wp-content\/uploads\/bzoch.jpg\" rel=\"attachment wp-att-3035\"><img loading=\"lazy\" decoding=\"async\" class=\"alignleft size-medium wp-image-3035\" src=\"http:\/\/usvl.sav.sk\/wp\/wp-content\/uploads\/bzoch-222x300.jpg\" alt=\"Adam B\u017eoch\" width=\"222\" height=\"300\" srcset=\"https:\/\/usvl.sav.sk\/wp\/wp-content\/uploads\/bzoch-222x300.jpg 222w, https:\/\/usvl.sav.sk\/wp\/wp-content\/uploads\/bzoch.jpg 768w, https:\/\/usvl.sav.sk\/wp\/wp-content\/uploads\/bzoch-759x1024.jpg 759w\" sizes=\"auto, (max-width: 222px) 100vw, 222px\" \/><\/a>Lit_cast Slowakei je prv\u00fd nemeckojazy\u010dn\u00fd podcast\u00a0 o slovenskej literat\u00fare\u00a0z dielne Liter\u00e1rneho informa\u010dn\u00e9ho centra.\u00a0Oslovuje nemecky hovoriacich \u013eud\u00ed, ktor\u00ed sa chc\u00fa o s\u00fa\u010dasnej literat\u00fare na Slovensku dozvedie\u0165 viac. Rozhovory vedie spisovate\u013e a prekladate\u013e Michal Hvoreck\u00fd a do \u0161trn\u00e1steho vydania si pozval\u00a0liter\u00e1rneho vedca, germanistu, nederlandistu a prekladate\u013ea z nemeckojazy\u010dnej a nizozemskej literat\u00fary, profesora Adama B\u017eocha z \u00dastavu svetovej literat\u00fary SAV.\u00a0 Porozpr\u00e1vali sa o jeho vz\u0165ahu k nem\u010dine a nemeckej kult\u00fare a literat\u00fare, o ot\u00e1zkach \u00fastupu nem\u010diny ako svetov\u00e9ho jazyka a prebrali spolu aj situ\u00e1ciu nem\u010diny v slovenskom \u0161kolstve. Podcast si m\u00f4\u017eete vypo\u010du\u0165 <a href=\"https:\/\/www.litcentrum.sk\/clanok\/litcast-slowakei-14-s-adamom-bzochom\">na tomto linku<\/a>.<\/p>\n<p>&nbsp;<\/p>\n","protected":false},"excerpt":{"rendered":"<p>Lit_cast Slowakei je prv\u00fd nemeckojazy\u010dn\u00fd podcast\u00a0 o slovenskej literat\u00fare\u00a0z dielne Liter\u00e1rneho informa\u010dn\u00e9ho centra.\u00a0Oslovuje nemecky hovoriacich \u013eud\u00ed, ktor\u00ed sa chc\u00fa o s\u00fa\u010dasnej literat\u00fare na Slovensku dozvedie\u0165 viac. Rozhovory vedie spisovate\u013e a prekladate\u013e Michal Hvoreck\u00fd a do \u0161trn\u00e1steho vydania si pozval\u00a0liter\u00e1rneho vedca, germanistu, nederlandistu a prekladate\u013ea z nemeckojazy\u010dnej a nizozemskej literat\u00fary, profesora Adama B\u017eocha z \u00dastavu svetovej &hellip; <a href=\"https:\/\/usvl.sav.sk\/wp\/?p=3034\" class=\"more-link\">Pokra\u010dova\u0165 na <span class=\"screen-reader-text\">Profesor Adam B\u017eoch v podcaste u Michala Hvoreck\u00e9ho<\/span> <span class=\"meta-nav\">&rarr;<\/span><\/a><\/p>\n","protected":false},"author":1,"featured_media":0,"comment_status":"closed","ping_status":"open","sticky":false,"template":"","format":"standard","meta":{"footnotes":""},"categories":[41,37,13],"tags":[],"class_list":["post-3034","post","type-post","status-publish","format-standard","hentry","category-prezentacie","category-audio-a-videozaznamy","category-udalosti"],"_links":{"self":[{"href":"https:\/\/usvl.sav.sk\/wp\/index.php?rest_route=\/wp\/v2\/posts\/3034","targetHints":{"allow":["GET"]}}],"collection":[{"href":"https:\/\/usvl.sav.sk\/wp\/index.php?rest_route=\/wp\/v2\/posts"}],"about":[{"href":"https:\/\/usvl.sav.sk\/wp\/index.php?rest_route=\/wp\/v2\/types\/post"}],"author":[{"embeddable":true,"href":"https:\/\/usvl.sav.sk\/wp\/index.php?rest_route=\/wp\/v2\/users\/1"}],"replies":[{"embeddable":true,"href":"https:\/\/usvl.sav.sk\/wp\/index.php?rest_route=%2Fwp%2Fv2%2Fcomments&post=3034"}],"version-history":[{"count":11,"href":"https:\/\/usvl.sav.sk\/wp\/index.php?rest_route=\/wp\/v2\/posts\/3034\/revisions"}],"predecessor-version":[{"id":3065,"href":"https:\/\/usvl.sav.sk\/wp\/index.php?rest_route=\/wp\/v2\/posts\/3034\/revisions\/3065"}],"wp:attachment":[{"href":"https:\/\/usvl.sav.sk\/wp\/index.php?rest_route=%2Fwp%2Fv2%2Fmedia&parent=3034"}],"wp:term":[{"taxonomy":"category","embeddable":true,"href":"https:\/\/usvl.sav.sk\/wp\/index.php?rest_route=%2Fwp%2Fv2%2Fcategories&post=3034"},{"taxonomy":"post_tag","embeddable":true,"href":"https:\/\/usvl.sav.sk\/wp\/index.php?rest_route=%2Fwp%2Fv2%2Ftags&post=3034"}],"curies":[{"name":"wp","href":"https:\/\/api.w.org\/{rel}","templated":true}]}}