{"id":3029,"date":"2020-12-03T18:48:56","date_gmt":"2020-12-03T18:48:56","guid":{"rendered":"http:\/\/usvl.sav.sk\/wp\/?p=3029"},"modified":"2025-08-07T11:00:10","modified_gmt":"2025-08-07T11:00:10","slug":"rozhovor-judit-gorozdi-pre-radio-devin-o-literarnej-vede-citani-a-preklade","status":"publish","type":"post","link":"https:\/\/usvl.sav.sk\/wp\/?p=3029","title":{"rendered":"Rozhovor: Judit G\u00f6r\u00f6zdi pre R\u00e1dio Dev\u00edn o liter\u00e1rnej vede, \u010d\u00edtan\u00ed a preklade"},"content":{"rendered":"<p><a href=\"http:\/\/usvl.sav.sk\/wp\/wp-content\/uploads\/judit.jpg\" rel=\"attachment wp-att-3030\"><img loading=\"lazy\" decoding=\"async\" class=\"alignleft size-medium wp-image-3030\" src=\"http:\/\/usvl.sav.sk\/wp\/wp-content\/uploads\/judit-300x227.jpg\" alt=\"judit\" width=\"300\" height=\"227\" srcset=\"https:\/\/usvl.sav.sk\/wp\/wp-content\/uploads\/judit-300x227.jpg 300w, https:\/\/usvl.sav.sk\/wp\/wp-content\/uploads\/judit.jpg 742w\" sizes=\"auto, (max-width: 300px) 100vw, 300px\" \/><\/a>Univerzitn\u00e9 prostredie v revolu\u010dnom roku 1989 uk\u00e1zalo jedine\u010dn\u00fa cestu k sp\u00f4sobu, ako \u010d\u00edta\u0165 a analyzova\u0165 liter\u00e1rne texty vo v\u0161etk\u00fdch mo\u017en\u00fdch vrstv\u00e1ch a kontextoch. Skvel\u00fa jazdu \u017eivotom liter\u00e1rnej hist\u00f3rie a vedy priniesol rozhovor redaktorky r\u00e1dia Dev\u00edn Andrey Maky\u0161ovej Vol\u00e1rovej s riadite\u013ekou \u00dastavu svetovej literat\u00fary Judit G\u00f6r\u00f6zdi. Porozpr\u00e1vali sa o liter\u00e1rnovednej pr\u00e1ci, \u010d\u00edtan\u00ed kr\u00e1snych kn\u00edh aj o fenom\u00e9ne prekladate\u013estva. Rozhovor si m\u00f4\u017eete vypo\u010du\u0165\u00a0 <a href=\"https:\/\/www.rtvs.sk\/radio\/archiv\/1314\/1453329?fbclid=IwAR2dOQksojSd2jS65W6ZUUzmcpDDenJeSL_CoUj1qUkqAIlmD6rXrTf6v8s\">na tomto linku<\/a>.<\/p>\n<p>&nbsp;<\/p>\n","protected":false},"excerpt":{"rendered":"<p>Univerzitn\u00e9 prostredie v revolu\u010dnom roku 1989 uk\u00e1zalo jedine\u010dn\u00fa cestu k sp\u00f4sobu, ako \u010d\u00edta\u0165 a analyzova\u0165 liter\u00e1rne texty vo v\u0161etk\u00fdch mo\u017en\u00fdch vrstv\u00e1ch a kontextoch. Skvel\u00fa jazdu \u017eivotom liter\u00e1rnej hist\u00f3rie a vedy priniesol rozhovor redaktorky r\u00e1dia Dev\u00edn Andrey Maky\u0161ovej Vol\u00e1rovej s riadite\u013ekou \u00dastavu svetovej literat\u00fary Judit G\u00f6r\u00f6zdi. Porozpr\u00e1vali sa o liter\u00e1rnovednej pr\u00e1ci, \u010d\u00edtan\u00ed kr\u00e1snych kn\u00edh aj o &hellip; <a href=\"https:\/\/usvl.sav.sk\/wp\/?p=3029\" class=\"more-link\">Pokra\u010dova\u0165 na <span class=\"screen-reader-text\">Rozhovor: Judit G\u00f6r\u00f6zdi pre R\u00e1dio Dev\u00edn o liter\u00e1rnej vede, \u010d\u00edtan\u00ed a preklade<\/span> <span class=\"meta-nav\">&rarr;<\/span><\/a><\/p>\n","protected":false},"author":1,"featured_media":0,"comment_status":"closed","ping_status":"open","sticky":false,"template":"","format":"standard","meta":{"footnotes":""},"categories":[41,37,13],"tags":[],"class_list":["post-3029","post","type-post","status-publish","format-standard","hentry","category-prezentacie","category-audio-a-videozaznamy","category-udalosti"],"_links":{"self":[{"href":"https:\/\/usvl.sav.sk\/wp\/index.php?rest_route=\/wp\/v2\/posts\/3029","targetHints":{"allow":["GET"]}}],"collection":[{"href":"https:\/\/usvl.sav.sk\/wp\/index.php?rest_route=\/wp\/v2\/posts"}],"about":[{"href":"https:\/\/usvl.sav.sk\/wp\/index.php?rest_route=\/wp\/v2\/types\/post"}],"author":[{"embeddable":true,"href":"https:\/\/usvl.sav.sk\/wp\/index.php?rest_route=\/wp\/v2\/users\/1"}],"replies":[{"embeddable":true,"href":"https:\/\/usvl.sav.sk\/wp\/index.php?rest_route=%2Fwp%2Fv2%2Fcomments&post=3029"}],"version-history":[{"count":3,"href":"https:\/\/usvl.sav.sk\/wp\/index.php?rest_route=\/wp\/v2\/posts\/3029\/revisions"}],"predecessor-version":[{"id":3033,"href":"https:\/\/usvl.sav.sk\/wp\/index.php?rest_route=\/wp\/v2\/posts\/3029\/revisions\/3033"}],"wp:attachment":[{"href":"https:\/\/usvl.sav.sk\/wp\/index.php?rest_route=%2Fwp%2Fv2%2Fmedia&parent=3029"}],"wp:term":[{"taxonomy":"category","embeddable":true,"href":"https:\/\/usvl.sav.sk\/wp\/index.php?rest_route=%2Fwp%2Fv2%2Fcategories&post=3029"},{"taxonomy":"post_tag","embeddable":true,"href":"https:\/\/usvl.sav.sk\/wp\/index.php?rest_route=%2Fwp%2Fv2%2Ftags&post=3029"}],"curies":[{"name":"wp","href":"https:\/\/api.w.org\/{rel}","templated":true}]}}