{"id":2985,"date":"2020-11-13T16:52:26","date_gmt":"2020-11-13T16:52:26","guid":{"rendered":"http:\/\/usvl.sav.sk\/wp\/?p=2985"},"modified":"2020-12-08T20:50:51","modified_gmt":"2020-12-08T20:50:51","slug":"predstavujeme-wls-32020-jazyk-transcendentnej-skusenosti-v-literarno-fenomenologickej-interpretacii","status":"publish","type":"post","link":"https:\/\/usvl.sav.sk\/wp\/?p=2985","title":{"rendered":"Predstavujeme WLS 3\/2020: Jazyk transcendentnej sk\u00fasenosti v liter\u00e1rno-fenomenologickej interpret\u00e1cii"},"content":{"rendered":"<p><a href=\"http:\/\/usvl.sav.sk\/wp\/wp-content\/uploads\/obalka-vyrez-na-web.jpg\" rel=\"attachment wp-att-2986\"><img loading=\"lazy\" decoding=\"async\" class=\"alignleft size-medium wp-image-2986\" src=\"http:\/\/usvl.sav.sk\/wp\/wp-content\/uploads\/obalka-vyrez-na-web-211x300.jpg\" alt=\"obalka vyrez - na web\" width=\"211\" height=\"300\" srcset=\"https:\/\/usvl.sav.sk\/wp\/wp-content\/uploads\/obalka-vyrez-na-web-211x300.jpg 211w, https:\/\/usvl.sav.sk\/wp\/wp-content\/uploads\/obalka-vyrez-na-web.jpg 520w\" sizes=\"auto, (max-width: 211px) 100vw, 211px\" \/><\/a><\/p>\n<p>Tretie tohtoro\u010dn\u00e9 \u010d\u00edslo \u010dasopisu World Literature Studies sa tematicky\u00a0s\u00fastre\u010fuje na problematiku jazyka transcendentnej sk\u00fasenosti a zvl\u00e1\u0161\u0165 na kateg\u00f3riu nevyjadrite\u013enosti, ako ju v dejin\u00e1ch eur\u00f3pskej literat\u00fary zachyt\u00e1vaj\u00fa texty s umeleckou, resp. estetickou hodnotou. Jednotliv\u00e9 \u0161t\u00fadie maj\u00fa charakter liter\u00e1rnej interpret\u00e1cie \u010di filozofickej reflexie\u00a0a usiluj\u00fa sa sk\u00fama\u0165 balans medzi transcendentnou sk\u00fasenos\u0165ou a slovami, ktor\u00e9 ju zachyt\u00e1vaj\u00fa. My\u0161lienkov\u00fdm impulzom tohto uva\u017eovania, ukotven\u00e9ho v dial\u00f3gu liter\u00e1rnej vedy a fenomenol\u00f3gie, je dielo s\u00fa\u010dasn\u00e9ho franc\u00fazskeho filozofa Jeana-Luca Mariona, osobitne koncept saturovan\u00e9ho fenom\u00e9nu.<\/p>\n<p>&nbsp;<\/p>\n<p>Z obsahu:<br \/>\n<strong>MAGDA KU\u010cERKOV\u00c1 \u2013 MARTIN VA\u0160EK:<\/strong> Jazyk transcendentnej sk\u00fasenosti v liter\u00e1rno-fenomenologickej interpret\u00e1cii<br \/>\n<strong>JEAN-LUC MARION:<\/strong> Mallarm\u00e9ho Ni\u010dota s Heideggerovou \u00dazkos\u0165ou<br \/>\n<strong>MAGDA KU\u010cERKOV\u00c1:<\/strong> Interpret\u00e1cia mystickej sk\u00fasenosti na pozad\u00ed fenomenol\u00f3gie Jeana-Luca Mariona<br \/>\n<strong>JUDIT G\u00d6R\u00d6ZDI:<\/strong> Postmodern\u00fd apokryf P\u00e9tera Esterh\u00e1zyho: \u201eJednoduch\u00fd pr\u00edbeh \u010diarka sto str\u00e1n \u2013 verzia pod\u013ea Marka\u201c<br \/>\n<strong>JANA JUH\u00c1SOV\u00c1:<\/strong> Medzi izolovan\u00fdm a fenomenalizuj\u00facim subjektom: Melanch\u00f3lia ako estetick\u00e1 kvalita v (spiritu\u00e1lnej) po\u00e9zii Erika Jakuba Grocha<br \/>\n<strong>SILVIA RYB\u00c1ROV\u00c1:<\/strong> Dotyky nev\u00fdslovn\u00e9ho v rom\u00e1novej tvorbe Sylvie Germain<br \/>\n<strong>IZARA BATRES \u2013 ANTONIO BARN\u00c9S:<\/strong> The expression of the ineffable: Fire and dream in Antonio Machado\u2019s \u201cSoledades, Galer\u00edas y otros poemas\u201d<br \/>\n<strong>ANDREA RAU\u0160EROV\u00c1:<\/strong> Kierkegaard\u016fv ryt\u00ed\u0159 v\u00edry a jeho obraz v rom\u00e1nech po\u010d\u00e1tku 20. stolet\u00ed<br \/>\n<strong>J\u00c1N GALLIK:<\/strong> Obraz transcendentn\u00e9ho domova v diele Jana \u010cepa<br \/>\n<strong>MARTIN VA\u0160EK:<\/strong> Sk\u00fasenos\u0165 l\u00e1sky a jej diskurz: Marionova fenomenol\u00f3gia a mystika<\/p>\n<p>Abstrakty k jednotliv\u00fdm \u0161t\u00fadi\u00e1m n\u00e1jdete <a href=\"http:\/\/www.wls.sav.sk\/?page_id=9\">TU<\/a>.<\/p>\n<p>&nbsp;<\/p>\n","protected":false},"excerpt":{"rendered":"<p>Tretie tohtoro\u010dn\u00e9 \u010d\u00edslo \u010dasopisu World Literature Studies sa tematicky\u00a0s\u00fastre\u010fuje na problematiku jazyka transcendentnej sk\u00fasenosti a zvl\u00e1\u0161\u0165 na kateg\u00f3riu nevyjadrite\u013enosti, ako ju v dejin\u00e1ch eur\u00f3pskej literat\u00fary zachyt\u00e1vaj\u00fa texty s umeleckou, resp. estetickou hodnotou. Jednotliv\u00e9 \u0161t\u00fadie maj\u00fa charakter liter\u00e1rnej interpret\u00e1cie \u010di filozofickej reflexie\u00a0a usiluj\u00fa sa sk\u00fama\u0165 balans medzi transcendentnou sk\u00fasenos\u0165ou a slovami, ktor\u00e9 ju zachyt\u00e1vaj\u00fa. My\u0161lienkov\u00fdm impulzom &hellip; <a href=\"https:\/\/usvl.sav.sk\/wp\/?p=2985\" class=\"more-link\">Pokra\u010dova\u0165 na <span class=\"screen-reader-text\">Predstavujeme WLS 3\/2020: Jazyk transcendentnej sk\u00fasenosti v liter\u00e1rno-fenomenologickej interpret\u00e1cii<\/span> <span class=\"meta-nav\">&rarr;<\/span><\/a><\/p>\n","protected":false},"author":1,"featured_media":0,"comment_status":"closed","ping_status":"open","sticky":false,"template":"","format":"standard","meta":{"footnotes":""},"categories":[1],"tags":[],"class_list":["post-2985","post","type-post","status-publish","format-standard","hentry","category-rozne"],"_links":{"self":[{"href":"https:\/\/usvl.sav.sk\/wp\/index.php?rest_route=\/wp\/v2\/posts\/2985","targetHints":{"allow":["GET"]}}],"collection":[{"href":"https:\/\/usvl.sav.sk\/wp\/index.php?rest_route=\/wp\/v2\/posts"}],"about":[{"href":"https:\/\/usvl.sav.sk\/wp\/index.php?rest_route=\/wp\/v2\/types\/post"}],"author":[{"embeddable":true,"href":"https:\/\/usvl.sav.sk\/wp\/index.php?rest_route=\/wp\/v2\/users\/1"}],"replies":[{"embeddable":true,"href":"https:\/\/usvl.sav.sk\/wp\/index.php?rest_route=%2Fwp%2Fv2%2Fcomments&post=2985"}],"version-history":[{"count":7,"href":"https:\/\/usvl.sav.sk\/wp\/index.php?rest_route=\/wp\/v2\/posts\/2985\/revisions"}],"predecessor-version":[{"id":3052,"href":"https:\/\/usvl.sav.sk\/wp\/index.php?rest_route=\/wp\/v2\/posts\/2985\/revisions\/3052"}],"wp:attachment":[{"href":"https:\/\/usvl.sav.sk\/wp\/index.php?rest_route=%2Fwp%2Fv2%2Fmedia&parent=2985"}],"wp:term":[{"taxonomy":"category","embeddable":true,"href":"https:\/\/usvl.sav.sk\/wp\/index.php?rest_route=%2Fwp%2Fv2%2Fcategories&post=2985"},{"taxonomy":"post_tag","embeddable":true,"href":"https:\/\/usvl.sav.sk\/wp\/index.php?rest_route=%2Fwp%2Fv2%2Ftags&post=2985"}],"curies":[{"name":"wp","href":"https:\/\/api.w.org\/{rel}","templated":true}]}}