{"id":2100,"date":"2019-03-13T21:02:58","date_gmt":"2019-03-13T21:02:58","guid":{"rendered":"http:\/\/usvl.sav.sk\/wp\/?p=2100"},"modified":"2019-05-23T08:15:19","modified_gmt":"2019-05-23T08:15:19","slug":"doc-phdr-sona-pastekova-csc-archetyp-v-literature-a-umeni-teoreticka-reflexia","status":"publish","type":"post","link":"https:\/\/usvl.sav.sk\/wp\/?p=2100","title":{"rendered":"Doc. PhDr. So\u0148a Pa\u0161tekov\u00e1, CSc.: Archetyp v literat\u00fare a umen\u00ed \u2013 teoretick\u00e1 reflexia"},"content":{"rendered":"<p><a href=\"http:\/\/usvl.sav.sk\/wp\/wp-content\/uploads\/Sona-Pastekova-poster.jpg\" rel=\"attachment wp-att-2102\"><img loading=\"lazy\" decoding=\"async\" class=\"alignleft size-medium wp-image-2102\" src=\"http:\/\/usvl.sav.sk\/wp\/wp-content\/uploads\/Sona-Pastekova-poster-212x300.jpg\" alt=\"Sona Pastekova poster\" width=\"212\" height=\"300\" srcset=\"https:\/\/usvl.sav.sk\/wp\/wp-content\/uploads\/Sona-Pastekova-poster-212x300.jpg 212w, https:\/\/usvl.sav.sk\/wp\/wp-content\/uploads\/Sona-Pastekova-poster-768x1086.jpg 768w, https:\/\/usvl.sav.sk\/wp\/wp-content\/uploads\/Sona-Pastekova-poster-724x1024.jpg 724w, https:\/\/usvl.sav.sk\/wp\/wp-content\/uploads\/Sona-Pastekova-poster.jpg 1190w\" sizes=\"auto, (max-width: 212px) 100vw, 212px\" \/><\/a>Modern\u00e1 interpret\u00e1cia m\u00fdtu ako kult\u00farneho archetypu sa formovala v diskusii s\u00a0te\u00f3riami modern\u00fdch vied o\u00a0kult\u00fare a umen\u00ed 20. storo\u010dia. Archetyp\u00e1lna kritika sk\u00fama podstatu m\u00fdtov a\u00a0symbolov na interdisciplin\u00e1rnom princ\u00edpe (pluralita metodologick\u00fdch pr\u00edstupov etnol\u00f3gie, soci\u00e1lnej antropol\u00f3gie, filozofie a\u00a0religionistiky, dej\u00edn mental\u00edt, poetiky, estetiky a\u00a0dej\u00edn umenia, porovn\u00e1vac\u00edch \u0161t\u00fadi\u00ed a\u00a0pod.). Predn\u00e1\u0161ka (v r\u00e1mci v\u00fdskumu grantov\u00e9ho projektu VEGA <em>Hyperlexik\u00f3n liter\u00e1rnych pojmov a\u00a0kateg\u00f3ri\u00ed II.<\/em>) sa zameriava na oblas\u0165 mytol\u00f3gie ako v\u00fdchodiska pre formovanie liter\u00e1rnych post\u00e1v, druhov a\u00a0\u017e\u00e1nrov na b\u00e1ze ich fungovania ako kult\u00farnych archetypov (koncepcie C. G. Junga, J. Campbella, V. Proppa, N. Frye, J. Meletinsk\u00e9ho a\u00a0i.), ako paradigmy pre diferenci\u00e1ciu v\u00fdvinov\u00e9ho procesu modelovania liter\u00e1rnych textov a\u00a0narat\u00edvnych foriem s presahom do\u00a0oblasti medzikult\u00farnej komunik\u00e1cie.<\/p>\n<p><strong>KEDY:<\/strong>\u00a0streda 20. marca 2019 o 14:00<\/p>\n<p><strong>KDE:<\/strong>\u00a0zasada\u010dka \u00dastavu svetovej literat\u00fary SAV,\u00a0 D\u00fabravsk\u00e1 cesta 9,\u00a0Bratislava (are\u00e1l SAV na Patr\u00f3nke)<\/p>\n<p><em><a style=\"color: #ea9629; text-decoration-line: underline; outline: 0px;\" href=\"http:\/\/usvl.sav.sk\/wp\/wp-content\/uploads\/Son\u030ca-Pas\u030ctekova\u03011-1.jpg\" rel=\"attachment wp-att-2108\"><img loading=\"lazy\" decoding=\"async\" class=\"alignleft  wp-image-2108\" src=\"http:\/\/usvl.sav.sk\/wp\/wp-content\/uploads\/Son\u030ca-Pas\u030ctekova\u03011-1-257x300.jpg\" alt=\"Son\u030ca Pas\u030ctekova\u03011\" width=\"191\" height=\"223\" srcset=\"https:\/\/usvl.sav.sk\/wp\/wp-content\/uploads\/Son\u030ca-Pas\u030ctekova\u03011-1-257x300.jpg 257w, https:\/\/usvl.sav.sk\/wp\/wp-content\/uploads\/Son\u030ca-Pas\u030ctekova\u03011-1.jpg 352w\" sizes=\"auto, (max-width: 191px) 100vw, 191px\" \/><\/a><\/em><\/p>\n<p>Doc. PhDr. So\u0148a Pa\u0161tekov\u00e1, CSc. p\u00f4sob\u00ed v \u00dastave svetovej literat\u00fary SAV v\u00a0Bratislave, predt\u00fdm v\u00a0Liter\u00e1rnovednom \u00fastave SAV, predn\u00e1\u0161ala na Univerzite sv. Cyrila a Metoda v\u00a0Trnave. Venuje sa teoretick\u00fdm, metodologick\u00fdm a\u00a0liter\u00e1rnohistorick\u00fdm ot\u00e1zkam liter\u00e1rnej vedy so zameran\u00edm na v\u00fdskum ruskej literat\u00fary za\u010diatku 20. storo\u010dia (liter\u00e1rna moderna a\u00a0avantgarda), dejiny prekladu a\u00a0recepcie ruskej literat\u00fary na Slovensku (rusk\u00fd formalizmus), terminologick\u00fdm a\u00a0genologick\u00fdm aspektom liter\u00e1rnovedn\u00e9ho v\u00fdskumu. Je autorkou troch samostatn\u00fdch vedeck\u00fdch monografi\u00ed: <em>Bunin. Andrejev. Jesenin <\/em>(<em>\u0160t\u00fadie z ruskej moderny a\u00a0avantgardy<\/em>, 1997), <em>Modern\u00e9 in\u0161pir\u00e1cie ruskej literat\u00fary <\/em>(<em>Kult\u00farno-historick\u00e9, poetologicko-interpreta\u010dn\u00e9 a\u00a0recep\u010dn\u00e9 s\u00favislosti ruskej literat\u00fary za\u010diatku 20. storo\u010dia<\/em>, 2006), <em>Proces, k\u00e1non, recepcia <\/em>(<em>historiografick\u00e9, translato<\/em><em>logick\u00e9 a\u00a0interpreta\u010dn\u00e9 aspekty sk\u00famania ruskej literat\u00fary, <\/em>2013). Z\u00e1rove\u0148 je spoluautorkou viacer\u00fdch kolekt\u00edvnych diel: <em>Rusk\u00e1 literat\u00fara v slovenskej kult\u00fare v rokoch 1836-1996 <\/em>(<em>Stru\u010dn\u00e9 dejiny umeleck\u00e9ho prekladu na Slovensku<\/em> (1998), <em>Eur\u00f3pske liter\u00e1rne avantgardy 20. storo\u010dia <\/em>(2005), <em>Kontinuita a\u00a0diskontinuita v\u00fdvinov\u00e9ho procesu po\u00e9zie, pr\u00f3zy a\u00a0dr\u00e1my <\/em>(<em>Premeny estetick\u00e9ho k\u00e1nonu. Koncepcie liter\u00e1rnych dej\u00edn<\/em>, 2007, editorka), <em>Rusk\u00e1 literat\u00fara 18.\u201321. storo\u010dia<\/em>. <em>Liter\u00e1rny proces v\u00a0kult\u00farno-historick\u00fdch s\u00favislostiach<\/em> (2013), Rusk\u00e1 literat\u00fara v slovenskej kult\u00fare v rokoch 1825-2015 (2017), <em>Podoby liter\u00e1rnej vedy. Te\u00f3rie \u2013 Met\u00f3dy \u2013 Smery<\/em>. (2016), autorkou \u010fal\u0161\u00edch \u0161t\u00fadi\u00ed a\u00a0pr\u00e1c, v\u00fdsledky v\u00fdskumu prezentuje na vedeck\u00fdch podujatiach doma i\u00a0v\u00a0zahrani\u010d\u00ed. Dlhoro\u010dne sa podie\u013ea na tvorbe slovn\u00edkov\u00fdch hesiel: <em>Encyclopaedia Beliana <\/em>(2001-2013), <em>Slovn\u00edk ruskej literat\u00fary 11.-20. storo\u010dia<\/em> (2007), <em>Slovn\u00edk slovensk\u00fdch prekladate\u013eov umeleckej literat\u00fary 20. storo\u010dia I. \u2013II. A &#8211; K., L-\u017d. <\/em> (2015, 2017). V\u00a0s\u00fa\u010dasnosti je spolurie\u0161ite\u013ekou grantov\u00fdch projektov VEGA <em>Preklad ako s\u00fa\u010das\u0165 dej\u00edn kult\u00farneho priestoru II.<\/em> a <em>Hyperlexik\u00f3n liter\u00e1rnych pojmov a\u00a0kateg\u00f3ri\u00ed II.<\/em><\/p>\n","protected":false},"excerpt":{"rendered":"<p>Modern\u00e1 interpret\u00e1cia m\u00fdtu ako kult\u00farneho archetypu sa formovala v diskusii s\u00a0te\u00f3riami modern\u00fdch vied o\u00a0kult\u00fare a umen\u00ed 20. storo\u010dia. Archetyp\u00e1lna kritika sk\u00fama podstatu m\u00fdtov a\u00a0symbolov na interdisciplin\u00e1rnom princ\u00edpe (pluralita metodologick\u00fdch pr\u00edstupov etnol\u00f3gie, soci\u00e1lnej antropol\u00f3gie, filozofie a\u00a0religionistiky, dej\u00edn mental\u00edt, poetiky, estetiky a\u00a0dej\u00edn umenia, porovn\u00e1vac\u00edch \u0161t\u00fadi\u00ed a\u00a0pod.). Predn\u00e1\u0161ka (v r\u00e1mci v\u00fdskumu grantov\u00e9ho projektu VEGA Hyperlexik\u00f3n liter\u00e1rnych pojmov a\u00a0kateg\u00f3ri\u00ed &hellip; <a href=\"https:\/\/usvl.sav.sk\/wp\/?p=2100\" class=\"more-link\">Pokra\u010dova\u0165 na <span class=\"screen-reader-text\">Doc. PhDr. So\u0148a Pa\u0161tekov\u00e1, CSc.: Archetyp v literat\u00fare a umen\u00ed \u2013 teoretick\u00e1 reflexia<\/span> <span class=\"meta-nav\">&rarr;<\/span><\/a><\/p>\n","protected":false},"author":1,"featured_media":0,"comment_status":"closed","ping_status":"open","sticky":false,"template":"","format":"standard","meta":{"footnotes":""},"categories":[10],"tags":[],"class_list":["post-2100","post","type-post","status-publish","format-standard","hentry","category-pozvanky"],"_links":{"self":[{"href":"https:\/\/usvl.sav.sk\/wp\/index.php?rest_route=\/wp\/v2\/posts\/2100","targetHints":{"allow":["GET"]}}],"collection":[{"href":"https:\/\/usvl.sav.sk\/wp\/index.php?rest_route=\/wp\/v2\/posts"}],"about":[{"href":"https:\/\/usvl.sav.sk\/wp\/index.php?rest_route=\/wp\/v2\/types\/post"}],"author":[{"embeddable":true,"href":"https:\/\/usvl.sav.sk\/wp\/index.php?rest_route=\/wp\/v2\/users\/1"}],"replies":[{"embeddable":true,"href":"https:\/\/usvl.sav.sk\/wp\/index.php?rest_route=%2Fwp%2Fv2%2Fcomments&post=2100"}],"version-history":[{"count":7,"href":"https:\/\/usvl.sav.sk\/wp\/index.php?rest_route=\/wp\/v2\/posts\/2100\/revisions"}],"predecessor-version":[{"id":2299,"href":"https:\/\/usvl.sav.sk\/wp\/index.php?rest_route=\/wp\/v2\/posts\/2100\/revisions\/2299"}],"wp:attachment":[{"href":"https:\/\/usvl.sav.sk\/wp\/index.php?rest_route=%2Fwp%2Fv2%2Fmedia&parent=2100"}],"wp:term":[{"taxonomy":"category","embeddable":true,"href":"https:\/\/usvl.sav.sk\/wp\/index.php?rest_route=%2Fwp%2Fv2%2Fcategories&post=2100"},{"taxonomy":"post_tag","embeddable":true,"href":"https:\/\/usvl.sav.sk\/wp\/index.php?rest_route=%2Fwp%2Fv2%2Ftags&post=2100"}],"curies":[{"name":"wp","href":"https:\/\/api.w.org\/{rel}","templated":true}]}}