{"id":1970,"date":"2018-11-20T17:06:43","date_gmt":"2018-11-20T17:06:43","guid":{"rendered":"http:\/\/usvl.sav.sk\/wp\/?p=1970"},"modified":"2018-11-25T19:31:22","modified_gmt":"2018-11-25T19:31:22","slug":"o-konferencii-slovansky-literarni-svet-kontexty-a-konfrontace-iv","status":"publish","type":"post","link":"https:\/\/usvl.sav.sk\/wp\/?p=1970","title":{"rendered":"O konferencii Slovansk\u00fd liter\u00e1rn\u00ed sv\u011bt: kontexty a konfrontace IV"},"content":{"rendered":"<p>V\u00a0d\u0148och 6. \u2013 7. novembra 2018 sa uskuto\u010dnil \u0161tvrt\u00fd ro\u010dn\u00edk medzin\u00e1rodnej doktorandskej konferencie s\u00a0n\u00e1zvom <strong>Slovansk\u00fd liter\u00e1rn\u00ed sv\u011bt: kontexty a\u00a0konfrontace IV <\/strong>s\u00a0podtitulom <strong>Dialog ve slovansk\u00fdch literatur\u00e1ch<\/strong>, ktor\u00e1 bola v\u00fdsledkom iniciat\u00edvy mlad\u00fdch slavistov v\u00a0r\u00e1mci \u00dastavu slavistiky Filozofickej fakulty Masarykovej univerzity v\u00a0Brne pod organiza\u010dn\u00fdm veden\u00edm PaedDr. Lenky Pau\u010dovej a\u00a0z\u00e1\u0161titou garanta konferencie, prof. PhDr. Iva Posp\u00ed\u0161ila, DrSc. U\u017e samotn\u00fd n\u00e1zov konferencie nazna\u010duje, \u017ee tento ro\u010dn\u00edk nebol zameran\u00fd na \u00fazko \u0161pecifikovan\u00fa problematiku. Organiza\u010dn\u00e9mu t\u00edmu \u0161lo najm\u00e4 o vytvorenie efekt\u00edvnej platformy pre rie\u0161enie komplexnej\u0161\u00edch ot\u00e1zok v\u00a0oblasti problematiky slovansk\u00fdch literat\u00far, ich kontextov a\u00a0konfront\u00e1ci\u00ed, a\u00a0to z\u00a0viacodborov\u00fdch perspekt\u00edv.<!--more--><br \/>\nInterdisciplin\u00e1rny charakter s\u00fa\u010dasn\u00e9ho liter\u00e1rnovedn\u00e9ho v\u00fdskumu utv\u00e1ra priestor pre r\u00f4zne metodologick\u00e9 i\u00a0tematick\u00e9 presahy z\u00a0liter\u00e1rneho po\u013ea do oblasti pr\u00edbuzn\u00fdch vied, ktor\u00e9 podobne ako liter\u00e1rna veda nar\u00e1baj\u00fa s\u00a0umeleck\u00fdm textom. Ak vych\u00e1dzame z\u00a0pon\u00edmania textu ako v\u0161eobecnosemiotick\u00e9ho fenom\u00e9nu, nezost\u00e1vame iba v\u00a0jeho statickom ur\u010den\u00ed v\u00a0zmysle lingvistickej jednotky. Potom aj predmety v\u00fdskumu, ak\u00fdmi s\u00fa popri liter\u00e1rnom texte napr\u00edklad film\/filmov\u00e1 adapt\u00e1cia (medi\u00e1lny text) alebo obraz (v\u00fdtvarn\u00fd text), funguj\u00fa ako m\u00e9di\u00e1 komunik\u00e1cie, teda komunikuj\u00fa \u0161ir\u0161ie kontexty svojho vzniku, a\u00a0tak disponuj\u00fa osobitou v\u00fdpovednou hodnotou i\u00a0v\u00a0nov\u00fdch podmienkach ich op\u00e4tovnej identifik\u00e1cie.<br \/>\nJednotliv\u00e9 v\u00fdstupy \u00fa\u010dastn\u00ed\u010dok a \u00fa\u010dastn\u00edkov konferencie z\u00a0<span style=\"color: #000000;\">\u010desk\u00e9ho, po\u013esk\u00e9ho a\u00a0slovensk\u00e9ho\u00a0(okrem doktorandiek a doktorandov z Filozofickej fakulty UK sa konferencie z\u00fa\u010dastnila aj doktorandka\u00a0z \u00dastavu svetovej literat\u00fary SAV)<\/span> akademick\u00e9ho prostredia preto neboli len prezent\u00e1ciami doteraj\u0161ieho v\u00fdskumu realizovan\u00e9ho v\u00a0r\u00e1mci doktorandsk\u00e9ho \u0161t\u00fadia. Tematick\u00e1 \u010di metodologick\u00e1 rozmanitos\u0165 sa toti\u017e stala impulzom pre skuto\u010dn\u00fd dial\u00f3g slovansk\u00fdch kult\u00far, ich kontextov a konfront\u00e1ci\u00ed prostredn\u00edctvom umeleck\u00fdch textov, autorsk\u00fdch osobnost\u00ed a\u00a0v\u00a0neposlednom rade\u00a0recipientov\/\u010ditate\u013eov\/interpretov.<\/p>\n<p>Zuzana Chrenkov\u00e1<\/p>\n<p>&nbsp;<\/p>\n<p>&nbsp;<\/p>\n<p>&nbsp;<\/p>\n<p>&nbsp;<\/p>\n<p>&nbsp;<\/p>\n","protected":false},"excerpt":{"rendered":"<p>V\u00a0d\u0148och 6. \u2013 7. novembra 2018 sa uskuto\u010dnil \u0161tvrt\u00fd ro\u010dn\u00edk medzin\u00e1rodnej doktorandskej konferencie s\u00a0n\u00e1zvom Slovansk\u00fd liter\u00e1rn\u00ed sv\u011bt: kontexty a\u00a0konfrontace IV s\u00a0podtitulom Dialog ve slovansk\u00fdch literatur\u00e1ch, ktor\u00e1 bola v\u00fdsledkom iniciat\u00edvy mlad\u00fdch slavistov v\u00a0r\u00e1mci \u00dastavu slavistiky Filozofickej fakulty Masarykovej univerzity v\u00a0Brne pod organiza\u010dn\u00fdm veden\u00edm PaedDr. Lenky Pau\u010dovej a\u00a0z\u00e1\u0161titou garanta konferencie, prof. PhDr. Iva Posp\u00ed\u0161ila, DrSc. U\u017e samotn\u00fd &hellip; <a href=\"https:\/\/usvl.sav.sk\/wp\/?p=1970\" class=\"more-link\">Pokra\u010dova\u0165 na <span class=\"screen-reader-text\">O konferencii Slovansk\u00fd liter\u00e1rn\u00ed sv\u011bt: kontexty a konfrontace IV<\/span> <span class=\"meta-nav\">&rarr;<\/span><\/a><\/p>\n","protected":false},"author":1,"featured_media":0,"comment_status":"closed","ping_status":"open","sticky":false,"template":"","format":"standard","meta":{"footnotes":""},"categories":[11],"tags":[],"class_list":["post-1970","post","type-post","status-publish","format-standard","hentry","category-spravy"],"_links":{"self":[{"href":"https:\/\/usvl.sav.sk\/wp\/index.php?rest_route=\/wp\/v2\/posts\/1970","targetHints":{"allow":["GET"]}}],"collection":[{"href":"https:\/\/usvl.sav.sk\/wp\/index.php?rest_route=\/wp\/v2\/posts"}],"about":[{"href":"https:\/\/usvl.sav.sk\/wp\/index.php?rest_route=\/wp\/v2\/types\/post"}],"author":[{"embeddable":true,"href":"https:\/\/usvl.sav.sk\/wp\/index.php?rest_route=\/wp\/v2\/users\/1"}],"replies":[{"embeddable":true,"href":"https:\/\/usvl.sav.sk\/wp\/index.php?rest_route=%2Fwp%2Fv2%2Fcomments&post=1970"}],"version-history":[{"count":3,"href":"https:\/\/usvl.sav.sk\/wp\/index.php?rest_route=\/wp\/v2\/posts\/1970\/revisions"}],"predecessor-version":[{"id":1973,"href":"https:\/\/usvl.sav.sk\/wp\/index.php?rest_route=\/wp\/v2\/posts\/1970\/revisions\/1973"}],"wp:attachment":[{"href":"https:\/\/usvl.sav.sk\/wp\/index.php?rest_route=%2Fwp%2Fv2%2Fmedia&parent=1970"}],"wp:term":[{"taxonomy":"category","embeddable":true,"href":"https:\/\/usvl.sav.sk\/wp\/index.php?rest_route=%2Fwp%2Fv2%2Fcategories&post=1970"},{"taxonomy":"post_tag","embeddable":true,"href":"https:\/\/usvl.sav.sk\/wp\/index.php?rest_route=%2Fwp%2Fv2%2Ftags&post=1970"}],"curies":[{"name":"wp","href":"https:\/\/api.w.org\/{rel}","templated":true}]}}