{"id":1368,"date":"2017-02-28T12:25:09","date_gmt":"2017-02-28T12:25:09","guid":{"rendered":"http:\/\/usvl.sav.sk\/wp\/?p=1368"},"modified":"2017-02-28T12:31:43","modified_gmt":"2017-02-28T12:31:43","slug":"medzinarodne-kolokvium-multimodalny-diskurz-od-retoriky-k-mediatizacii-vedy","status":"publish","type":"post","link":"https:\/\/usvl.sav.sk\/wp\/?p=1368","title":{"rendered":"Medzin\u00e1rodn\u00e9 kolokvium na t\u00e9mu Multimod\u00e1lny diskurz: od r\u00e9toriky k\u00a0mediatiz\u00e1cii vedy"},"content":{"rendered":"<p>Po\u013esk\u00fd in\u0161tit\u00fat Bratislava, prof. Andrzej Adamski a Mgr. Bogumila Suwara, PhD. V\u00e1s srde\u010dne poz\u00fdvaj\u00fa na medzin\u00e1rodn\u00e9 kolokvium<\/p>\n<p><strong>Multimod\u00e1lny diskurz: od r\u00e9toriky k\u00a0mediatiz\u00e1cii vedy<\/strong><\/p>\n<p>Kolokvium sa bude kona\u0165 v\u00a0Po\u013eskom in\u0161tit\u00fate v Bratislave <strong>2. marca 2017 od 10.00 hod.<br \/>\n<\/strong> Kolokvium bude zameran\u00e9 na problematiku hybridiz\u00e1cie vedeck\u00e9ho a\u00a0umeleck\u00e9ho (audiovizu\u00e1lneho) diskurzu. T\u00e1to hybridiz\u00e1cia sa pozvo\u013ena etabluje v\u00a0podobe multimod\u00e1lneho diskurzu. Kontexty r\u00e9toriky vedy treba zrejme h\u013eada\u0165 v\u00a0perspekt\u00edve lingvistick\u00e9ho obratu, typol\u00f3gie a rozmanitost\u00ed diskurzov \u010di kognit\u00edvnej jazykovedy. O\u00a0mediatiz\u00e1cii vedy chceme uva\u017eova\u0165 v\u00a0kontexte \u0161iroko ch\u00e1panej hybridiz\u00e1cie textu a\u00a0obrazu, n\u00e1strojov vizualiz\u00e1cie obsahov inform\u00e1ci\u00ed v\u00a0nov\u00fdch m\u00e9di\u00e1ch a\u00a0na internete \u010di vizu\u00e1lnych n\u00e1strojov pre met\u00f3dy dolovania d\u00e1t a\u00a0participovania na v\u0161etk\u00fdch t\u00fdchto javoch a niektor\u00fdch s\u00fa\u010dasn\u00fdch tendenci\u00e1ch digit\u00e1lneho umenia. \u010co v\u00a0podstate znamen\u00e1 podporovanie mulimod\u00e1lneho diskurzu s\u00a0prihliadnut\u00edm na problematiku vedy v\u00a0s\u00fa\u010dasnej spolo\u010dnosti.<\/p>\n<p>Na kolokviu sa z\u00fa\u010dastnia odborn\u00edci z Po\u013eska (prof. Krzysztof Olszewski: Akad\u00e9mia umen\u00ed vo Var\u0161ave, Dr. Lucyna Spyrka: Sliezska univerzita v Katoviciach, Dr. hab. Andrzej Adamski: Rzeszowsk\u00e1 univerzita v Rzeszowie, Dr. Mariusz Pisarski), \u010ceskej republiky (Dr. Jana Kostincov\u00e1: Univerzita Hradec Kr\u00e1lov\u00e9) a zo Slovenska (prof. Peter S\u00fdkora: UCM Trnava, Dr. Jana Toma\u0161ovi\u010dov\u00e1: UCM Trnava, Dr. Zuzana Hus\u00e1rov\u00e1: PFUK Bratislava, Dr. Bogumi\u0142a Suwara: \u00daSvL SAV Bratislava).<\/p>\n<p>Podujatie podporuje Po\u013esk\u00fd In\u0161tit\u00fat v\u00a0Bratislave,\u00a0Vy\u0161ehradsk\u00fd Fond a Agent\u00fara VEGA (2\/0107\/14).<\/p>\n","protected":false},"excerpt":{"rendered":"<p>Po\u013esk\u00fd in\u0161tit\u00fat Bratislava, prof. Andrzej Adamski a Mgr. Bogumila Suwara, PhD. V\u00e1s srde\u010dne poz\u00fdvaj\u00fa na medzin\u00e1rodn\u00e9 kolokvium Multimod\u00e1lny diskurz: od r\u00e9toriky k\u00a0mediatiz\u00e1cii vedy Kolokvium sa bude kona\u0165 v\u00a0Po\u013eskom in\u0161tit\u00fate v Bratislave 2. marca 2017 od 10.00 hod. Kolokvium bude zameran\u00e9 na problematiku hybridiz\u00e1cie vedeck\u00e9ho a\u00a0umeleck\u00e9ho (audiovizu\u00e1lneho) diskurzu. T\u00e1to hybridiz\u00e1cia sa pozvo\u013ena etabluje v\u00a0podobe multimod\u00e1lneho diskurzu. &hellip; <a href=\"https:\/\/usvl.sav.sk\/wp\/?p=1368\" class=\"more-link\">Pokra\u010dova\u0165 na <span class=\"screen-reader-text\">Medzin\u00e1rodn\u00e9 kolokvium na t\u00e9mu Multimod\u00e1lny diskurz: od r\u00e9toriky k\u00a0mediatiz\u00e1cii vedy<\/span> <span class=\"meta-nav\">&rarr;<\/span><\/a><\/p>\n","protected":false},"author":1,"featured_media":0,"comment_status":"closed","ping_status":"open","sticky":false,"template":"","format":"standard","meta":{"footnotes":""},"categories":[10,13],"tags":[],"class_list":["post-1368","post","type-post","status-publish","format-standard","hentry","category-pozvanky","category-udalosti"],"_links":{"self":[{"href":"https:\/\/usvl.sav.sk\/wp\/index.php?rest_route=\/wp\/v2\/posts\/1368","targetHints":{"allow":["GET"]}}],"collection":[{"href":"https:\/\/usvl.sav.sk\/wp\/index.php?rest_route=\/wp\/v2\/posts"}],"about":[{"href":"https:\/\/usvl.sav.sk\/wp\/index.php?rest_route=\/wp\/v2\/types\/post"}],"author":[{"embeddable":true,"href":"https:\/\/usvl.sav.sk\/wp\/index.php?rest_route=\/wp\/v2\/users\/1"}],"replies":[{"embeddable":true,"href":"https:\/\/usvl.sav.sk\/wp\/index.php?rest_route=%2Fwp%2Fv2%2Fcomments&post=1368"}],"version-history":[{"count":4,"href":"https:\/\/usvl.sav.sk\/wp\/index.php?rest_route=\/wp\/v2\/posts\/1368\/revisions"}],"predecessor-version":[{"id":1372,"href":"https:\/\/usvl.sav.sk\/wp\/index.php?rest_route=\/wp\/v2\/posts\/1368\/revisions\/1372"}],"wp:attachment":[{"href":"https:\/\/usvl.sav.sk\/wp\/index.php?rest_route=%2Fwp%2Fv2%2Fmedia&parent=1368"}],"wp:term":[{"taxonomy":"category","embeddable":true,"href":"https:\/\/usvl.sav.sk\/wp\/index.php?rest_route=%2Fwp%2Fv2%2Fcategories&post=1368"},{"taxonomy":"post_tag","embeddable":true,"href":"https:\/\/usvl.sav.sk\/wp\/index.php?rest_route=%2Fwp%2Fv2%2Ftags&post=1368"}],"curies":[{"name":"wp","href":"https:\/\/api.w.org\/{rel}","templated":true}]}}