{"id":1227,"date":"2016-11-04T17:48:55","date_gmt":"2016-11-04T17:48:55","guid":{"rendered":"http:\/\/usvl.sav.sk\/wp\/?p=1227"},"modified":"2016-11-04T17:56:46","modified_gmt":"2016-11-04T17:56:46","slug":"stredoeuropske-podoby-magickeho-realizmu-prezentacia-tematickeho-cisla-casopisu-world-literature-studies-odborna-diskusia","status":"publish","type":"post","link":"https:\/\/usvl.sav.sk\/wp\/?p=1227","title":{"rendered":"Stredoeur\u00f3pske podoby magick\u00e9ho realizmu &#8211; Prezent\u00e1cia tematick\u00e9ho \u010d\u00edsla \u010dasopisu WLS"},"content":{"rendered":"<p>7. november 17.00 Ma\u010farsk\u00fd in\u0161tit\u00fat v Bratislave, Palis\u00e1dy 54<\/p>\n<p>\u010c\u00edslo predstav\u00ed: Magda Ku\u010derkov\u00e1<br \/>\nModeruje: Radoslav Passia<br \/>\nHostia: Eva Palkovi\u010dov\u00e1, Dus\u00edk Anik\u00f3, Vladim\u00edr Barbor\u00edk<\/p>\n<p>Na z\u00e1klade \u0161t\u00fadi\u00ed tematick\u00e9ho bloku \u010dasopisu World Literature Studies bude diskusia h\u013eada\u0165 odpovede na liter\u00e1rnovedn\u00e9 ot\u00e1zky: je mo\u017en\u00e9 hovori\u0165 o stredoeur\u00f3pskom magickom realizme, \u010do pod t\u00fdm rozumieme? Ako sa udom\u00e1cnil v jednotliv\u00fdch n\u00e1rodn\u00fdch literat\u00farach tento p\u00f4vodne hispanoamerick\u00fd smer\/sp\u00f4sob p\u00edsania? Ktor\u00e9 diela slovenskej resp. ma\u010farskej literat\u00fary m\u00f4\u017eeme vn\u00edma\u0165 ako magickorealistick\u00e9?<\/p>\n<p>Hlavn\u00fd organiz\u00e1tor: \u00dastav svetovej literat\u00fary Slovenskej akad\u00e9mie vied<br \/>\nJazyk podujatia: slovensk\u00fd<\/p>\n","protected":false},"excerpt":{"rendered":"<p>7. november 17.00 Ma\u010farsk\u00fd in\u0161tit\u00fat v Bratislave, Palis\u00e1dy 54 \u010c\u00edslo predstav\u00ed: Magda Ku\u010derkov\u00e1 Moderuje: Radoslav Passia Hostia: Eva Palkovi\u010dov\u00e1, Dus\u00edk Anik\u00f3, Vladim\u00edr Barbor\u00edk Na z\u00e1klade \u0161t\u00fadi\u00ed tematick\u00e9ho bloku \u010dasopisu World Literature Studies bude diskusia h\u013eada\u0165 odpovede na liter\u00e1rnovedn\u00e9 ot\u00e1zky: je mo\u017en\u00e9 hovori\u0165 o stredoeur\u00f3pskom magickom realizme, \u010do pod t\u00fdm rozumieme? Ako sa udom\u00e1cnil v jednotliv\u00fdch &hellip; <a href=\"https:\/\/usvl.sav.sk\/wp\/?p=1227\" class=\"more-link\">Pokra\u010dova\u0165 na <span class=\"screen-reader-text\">Stredoeur\u00f3pske podoby magick\u00e9ho realizmu &#8211; Prezent\u00e1cia tematick\u00e9ho \u010d\u00edsla \u010dasopisu WLS<\/span> <span class=\"meta-nav\">&rarr;<\/span><\/a><\/p>\n","protected":false},"author":1,"featured_media":0,"comment_status":"closed","ping_status":"open","sticky":false,"template":"","format":"standard","meta":{"footnotes":""},"categories":[10,13],"tags":[],"class_list":["post-1227","post","type-post","status-publish","format-standard","hentry","category-pozvanky","category-udalosti"],"_links":{"self":[{"href":"https:\/\/usvl.sav.sk\/wp\/index.php?rest_route=\/wp\/v2\/posts\/1227","targetHints":{"allow":["GET"]}}],"collection":[{"href":"https:\/\/usvl.sav.sk\/wp\/index.php?rest_route=\/wp\/v2\/posts"}],"about":[{"href":"https:\/\/usvl.sav.sk\/wp\/index.php?rest_route=\/wp\/v2\/types\/post"}],"author":[{"embeddable":true,"href":"https:\/\/usvl.sav.sk\/wp\/index.php?rest_route=\/wp\/v2\/users\/1"}],"replies":[{"embeddable":true,"href":"https:\/\/usvl.sav.sk\/wp\/index.php?rest_route=%2Fwp%2Fv2%2Fcomments&post=1227"}],"version-history":[{"count":4,"href":"https:\/\/usvl.sav.sk\/wp\/index.php?rest_route=\/wp\/v2\/posts\/1227\/revisions"}],"predecessor-version":[{"id":1231,"href":"https:\/\/usvl.sav.sk\/wp\/index.php?rest_route=\/wp\/v2\/posts\/1227\/revisions\/1231"}],"wp:attachment":[{"href":"https:\/\/usvl.sav.sk\/wp\/index.php?rest_route=%2Fwp%2Fv2%2Fmedia&parent=1227"}],"wp:term":[{"taxonomy":"category","embeddable":true,"href":"https:\/\/usvl.sav.sk\/wp\/index.php?rest_route=%2Fwp%2Fv2%2Fcategories&post=1227"},{"taxonomy":"post_tag","embeddable":true,"href":"https:\/\/usvl.sav.sk\/wp\/index.php?rest_route=%2Fwp%2Fv2%2Ftags&post=1227"}],"curies":[{"name":"wp","href":"https:\/\/api.w.org\/{rel}","templated":true}]}}