{"id":10901,"date":"2026-01-20T09:39:11","date_gmt":"2026-01-20T09:39:11","guid":{"rendered":"https:\/\/usvl.sav.sk\/wp\/?p=10901"},"modified":"2026-01-22T10:40:20","modified_gmt":"2026-01-22T10:40:20","slug":"interaktivny-hypertextovy-lexikon-literarnej-vedy-bol-vyhodnoteny-ako-projekt-na-vynikajucej-urovni","status":"publish","type":"post","link":"https:\/\/usvl.sav.sk\/wp\/?p=10901","title":{"rendered":"Interakt\u00edvny hypertextov\u00fd lexik\u00f3n liter\u00e1rnej vedy bol vyhodnoten\u00fd ako projekt na vynikaj\u00facej \u00farovni"},"content":{"rendered":"<p><strong>V roku 2025 osemn\u00e1s\u0165\u010dlenn\u00fd vedeck\u00fd t\u00edm zo siedmich akademick\u00fdch a univerzitn\u00fdch pracov\u00edsk \u00faspe\u0161ne ukon\u010dil p\u00e4\u0165ro\u010dn\u00fd projekt <em>Interakt\u00edvny hypertextov\u00fd lexik\u00f3n liter\u00e1rnej vedy s korpusom k\u013e\u00fa\u010dov\u00fdch liter\u00e1rnovedn\u00fdch textov<\/em> pod veden\u00edm Romana Mikul\u00e1\u0161a z \u00dastavu svetovej literat\u00fary SAV, v. v. i. Hoci &#8222;ukon\u010dil&#8220; nie je presn\u00fd v\u00fdraz, ke\u010f\u017ee <em>Hyperlexik\u00f3n liter\u00e1rnych pojmov a kateg\u00f3ri\u00ed <\/em>je v\u010faka interaktivite, doplneniam a \u010fal\u0161iemu rozv\u00edjaniu jeho obsahu nielen jedine\u010dn\u00e9, ale aj otvoren\u00e9 dielo.\u00a0<\/strong><\/p>\n<p>Cie\u013eom projektu bolo vytvori\u0165 interakt\u00edvny lexik\u00f3n liter\u00e1rnovedn\u00fdch pojmov a kateg\u00f3ri\u00ed liter\u00e1rnej vedy v m\u00e9diu hypertextu spolu s korpusom k\u013e\u00fa\u010dov\u00fdch textov z liter\u00e1rnej te\u00f3rie.\u00a0 Projekt nadviazal na dielo <em>Hyperlexik\u00f3n liter\u00e1rnych pojmov a kateg\u00f3ri\u00ed<\/em>, ktor\u00e9 bolo realizovan\u00e9 v r\u00e1mci dvoch projektov VEGA, taktie\u017e veden\u00fdch Romanom Mikul\u00e1\u0161om. Vznikla platforma <a href=\"https:\/\/hyperlexikon.sav.sk\/\">https:\/\/hyperlexikon.sav.sk\/<\/a>, ktor\u00e1 obohacuje dlhodobo vytv\u00e1ran\u00fd hypertextov\u00fd lexik\u00f3n pojmov liter\u00e1rnej vedy o interakciu s diskutuj\u00facimi a o v\u00fdznamn\u00e9 texty, ktor\u00e9 uveden\u00e9 pojmy formovali, v preklade do sloven\u010diny. V na\u0161om prostred\u00ed ide o jedine\u010dn\u00e9 slovn\u00edkov\u00e9 dielo, ktor\u00e9 \u0161iroko a naprie\u010d r\u00f4znymi filol\u00f3giami sprostredk\u00fava s\u00fa\u010dasn\u00e9 liter\u00e1rnovedn\u00e9 poznanie a je v plnom rozsahu pr\u00edstupn\u00e9 online, odbornej verejnosti, \u0161tudentstvu aj \u0161irokej verejnosti so z\u00e1ujmom o reflexiu literat\u00fary.<\/p>\n<p>Agent\u00fara na podporu v\u00fdskumu a v\u00fdvoja ho vyhodnotila ako projekt na vynikaj\u00facej \u00farovni.<\/p>\n<figure id=\"attachment_6998\" aria-describedby=\"caption-attachment-6998\" style=\"width: 2560px\" class=\"wp-caption aligncenter\"><a href=\"https:\/\/usvl.sav.sk\/wp\/wp-content\/uploads\/DSC4383-scaled.jpg\"><img loading=\"lazy\" decoding=\"async\" class=\"size-full wp-image-6998\" src=\"https:\/\/usvl.sav.sk\/wp\/wp-content\/uploads\/DSC4383-scaled.jpg\" alt=\"\" width=\"2560\" height=\"1707\" srcset=\"https:\/\/usvl.sav.sk\/wp\/wp-content\/uploads\/DSC4383-scaled.jpg 2560w, https:\/\/usvl.sav.sk\/wp\/wp-content\/uploads\/DSC4383-300x200.jpg 300w, https:\/\/usvl.sav.sk\/wp\/wp-content\/uploads\/DSC4383-1024x683.jpg 1024w, https:\/\/usvl.sav.sk\/wp\/wp-content\/uploads\/DSC4383-768x512.jpg 768w, https:\/\/usvl.sav.sk\/wp\/wp-content\/uploads\/DSC4383-1536x1024.jpg 1536w, https:\/\/usvl.sav.sk\/wp\/wp-content\/uploads\/DSC4383-2048x1365.jpg 2048w\" sizes=\"auto, (max-width: 2560px) 100vw, 2560px\" \/><\/a><figcaption id=\"caption-attachment-6998\" class=\"wp-caption-text\">Roman Mikul\u00e1\u0161 s \u010cestnou plaketou SAV \u013dudov\u00edta \u0160t\u00fara za z\u00e1sluhy v humanitn\u00fdch a spolo\u010densk\u00fdch ved\u00e1ch<\/figcaption><\/figure>\n<p>&nbsp;<\/p>\n","protected":false},"excerpt":{"rendered":"<p>V roku 2025 osemn\u00e1s\u0165\u010dlenn\u00fd vedeck\u00fd t\u00edm zo siedmich akademick\u00fdch a univerzitn\u00fdch pracov\u00edsk \u00faspe\u0161ne ukon\u010dil p\u00e4\u0165ro\u010dn\u00fd projekt Interakt\u00edvny hypertextov\u00fd lexik\u00f3n liter\u00e1rnej vedy s korpusom k\u013e\u00fa\u010dov\u00fdch liter\u00e1rnovedn\u00fdch textov pod veden\u00edm Romana Mikul\u00e1\u0161a z \u00dastavu svetovej literat\u00fary SAV, v. v. i. Hoci &#8222;ukon\u010dil&#8220; nie je presn\u00fd v\u00fdraz, ke\u010f\u017ee Hyperlexik\u00f3n liter\u00e1rnych pojmov a kateg\u00f3ri\u00ed je v\u010faka interaktivite, doplneniam a &hellip; <a href=\"https:\/\/usvl.sav.sk\/wp\/?p=10901\" class=\"more-link\">Pokra\u010dova\u0165 na <span class=\"screen-reader-text\">Interakt\u00edvny hypertextov\u00fd lexik\u00f3n liter\u00e1rnej vedy bol vyhodnoten\u00fd ako projekt na vynikaj\u00facej \u00farovni<\/span> <span class=\"meta-nav\">&rarr;<\/span><\/a><\/p>\n","protected":false},"author":1,"featured_media":7327,"comment_status":"closed","ping_status":"closed","sticky":false,"template":"","format":"standard","meta":{"footnotes":""},"categories":[11,13],"tags":[],"class_list":["post-10901","post","type-post","status-publish","format-standard","has-post-thumbnail","hentry","category-spravy","category-udalosti"],"_links":{"self":[{"href":"https:\/\/usvl.sav.sk\/wp\/index.php?rest_route=\/wp\/v2\/posts\/10901","targetHints":{"allow":["GET"]}}],"collection":[{"href":"https:\/\/usvl.sav.sk\/wp\/index.php?rest_route=\/wp\/v2\/posts"}],"about":[{"href":"https:\/\/usvl.sav.sk\/wp\/index.php?rest_route=\/wp\/v2\/types\/post"}],"author":[{"embeddable":true,"href":"https:\/\/usvl.sav.sk\/wp\/index.php?rest_route=\/wp\/v2\/users\/1"}],"replies":[{"embeddable":true,"href":"https:\/\/usvl.sav.sk\/wp\/index.php?rest_route=%2Fwp%2Fv2%2Fcomments&post=10901"}],"version-history":[{"count":8,"href":"https:\/\/usvl.sav.sk\/wp\/index.php?rest_route=\/wp\/v2\/posts\/10901\/revisions"}],"predecessor-version":[{"id":10910,"href":"https:\/\/usvl.sav.sk\/wp\/index.php?rest_route=\/wp\/v2\/posts\/10901\/revisions\/10910"}],"wp:featuredmedia":[{"embeddable":true,"href":"https:\/\/usvl.sav.sk\/wp\/index.php?rest_route=\/wp\/v2\/media\/7327"}],"wp:attachment":[{"href":"https:\/\/usvl.sav.sk\/wp\/index.php?rest_route=%2Fwp%2Fv2%2Fmedia&parent=10901"}],"wp:term":[{"taxonomy":"category","embeddable":true,"href":"https:\/\/usvl.sav.sk\/wp\/index.php?rest_route=%2Fwp%2Fv2%2Fcategories&post=10901"},{"taxonomy":"post_tag","embeddable":true,"href":"https:\/\/usvl.sav.sk\/wp\/index.php?rest_route=%2Fwp%2Fv2%2Ftags&post=10901"}],"curies":[{"name":"wp","href":"https:\/\/api.w.org\/{rel}","templated":true}]}}